{"id":68134,"date":"2026-03-28T09:52:44","date_gmt":"2026-03-28T12:52:44","guid":{"rendered":"https:\/\/elurbanoweb.com.ar\/diario\/?p=68134"},"modified":"2026-03-28T09:52:44","modified_gmt":"2026-03-28T12:52:44","slug":"la-banda-busca-hacer-historia-con-la-empanada-mas-grande-de-santiago-del-estero","status":"publish","type":"post","link":"http:\/\/elurbanoweb.com.ar\/diario\/la-banda-busca-hacer-historia-con-la-empanada-mas-grande-de-santiago-del-estero\/","title":{"rendered":"La Banda busca hacer historia con la empanada m\u00e1s grande de Santiago del Estero"},"content":{"rendered":"<p>El evento se realizar\u00e1 el 19 de abril en el Rinc\u00f3n de la Empanada y busca revalorizar la tradici\u00f3n culinaria local, convocando a vecinos y turistas en una propuesta cultural y gastron\u00f3mica sin precedentes.<\/p>\n<p><img loading=\"lazy\" decoding=\"async\" class=\"alignnone wp-image-68135 size-full\" src=\"http:\/\/elurbanoweb.com.ar\/diario\/wp-content\/uploads\/2026\/03\/empanada.jpg\" alt=\"\" width=\"1010\" height=\"567\" srcset=\"http:\/\/elurbanoweb.com.ar\/diario\/wp-content\/uploads\/2026\/03\/empanada.jpg 1010w, http:\/\/elurbanoweb.com.ar\/diario\/wp-content\/uploads\/2026\/03\/empanada-300x168.jpg 300w, http:\/\/elurbanoweb.com.ar\/diario\/wp-content\/uploads\/2026\/03\/empanada-150x84.jpg 150w\" sizes=\"auto, (max-width: 1010px) 100vw, 1010px\" \/><\/p>\n<p><!--more--><\/p>\n<p>En el marco de su aniversario, el espacio gastron\u00f3mico y cultural \u201cRinc\u00f3n de la Empanada\u201d llevar\u00e1 adelante un evento sin precedentes en la ciudad: la elaboraci\u00f3n de la empanada m\u00e1s grande de Santiago del Estero, que tendr\u00e1 aproximadamente dos metros de di\u00e1metro.<\/p>\n<p>La actividad se realizar\u00e1 el pr\u00f3ximo 19 de abril y es organizada por el chef y gestor cultural Don Ram\u00f3n Ben\u00edtez, junto a H\u00e9ctor Reynoso, propietario del Rinc\u00f3n de la Empanada, quienes impulsan esta propuesta con el objetivo de poner en valor una de las tradiciones culinarias m\u00e1s representativas de la regi\u00f3n.<\/p>\n<p>El evento contar\u00e1 con el acompa\u00f1amiento del Municipio de la ciudad de La Banda, a trav\u00e9s de la Direcci\u00f3n de Turismo, consolid\u00e1ndose como una actividad que busca convocar a vecinos y visitantes en torno a la cultura, la gastronom\u00eda y la identidad local.<\/p>\n<p>Se espera una amplia participaci\u00f3n del p\u00fablico, en lo que promete ser una verdadera fiesta popular. Adem\u00e1s, esta propuesta aspira a incorporarse a la agenda cultural de la ciudad de La Banda como un nuevo atractivo tur\u00edstico y cultural.<\/p>\n","protected":false},"excerpt":{"rendered":"<p>El evento se realizar\u00e1 el 19 de abril en el Rinc\u00f3n de la Empanada y busca revalorizar la tradici\u00f3n culinaria local, convocando a vecinos y turistas en una propuesta cultural&hellip; <\/p>\n","protected":false},"author":1,"featured_media":68135,"comment_status":"closed","ping_status":"closed","sticky":false,"template":"","format":"standard","meta":{"footnotes":""},"categories":[9],"tags":[],"class_list":["post-68134","post","type-post","status-publish","format-standard","has-post-thumbnail","hentry","category-la-banda"],"_links":{"self":[{"href":"http:\/\/elurbanoweb.com.ar\/diario\/wp-json\/wp\/v2\/posts\/68134","targetHints":{"allow":["GET"]}}],"collection":[{"href":"http:\/\/elurbanoweb.com.ar\/diario\/wp-json\/wp\/v2\/posts"}],"about":[{"href":"http:\/\/elurbanoweb.com.ar\/diario\/wp-json\/wp\/v2\/types\/post"}],"author":[{"embeddable":true,"href":"http:\/\/elurbanoweb.com.ar\/diario\/wp-json\/wp\/v2\/users\/1"}],"replies":[{"embeddable":true,"href":"http:\/\/elurbanoweb.com.ar\/diario\/wp-json\/wp\/v2\/comments?post=68134"}],"version-history":[{"count":1,"href":"http:\/\/elurbanoweb.com.ar\/diario\/wp-json\/wp\/v2\/posts\/68134\/revisions"}],"predecessor-version":[{"id":68136,"href":"http:\/\/elurbanoweb.com.ar\/diario\/wp-json\/wp\/v2\/posts\/68134\/revisions\/68136"}],"wp:featuredmedia":[{"embeddable":true,"href":"http:\/\/elurbanoweb.com.ar\/diario\/wp-json\/wp\/v2\/media\/68135"}],"wp:attachment":[{"href":"http:\/\/elurbanoweb.com.ar\/diario\/wp-json\/wp\/v2\/media?parent=68134"}],"wp:term":[{"taxonomy":"category","embeddable":true,"href":"http:\/\/elurbanoweb.com.ar\/diario\/wp-json\/wp\/v2\/categories?post=68134"},{"taxonomy":"post_tag","embeddable":true,"href":"http:\/\/elurbanoweb.com.ar\/diario\/wp-json\/wp\/v2\/tags?post=68134"}],"curies":[{"name":"wp","href":"https:\/\/api.w.org\/{rel}","templated":true}]}}