{"id":68332,"date":"2026-04-01T09:50:18","date_gmt":"2026-04-01T12:50:18","guid":{"rendered":"https:\/\/elurbanoweb.com.ar\/diario\/?p=68332"},"modified":"2026-04-01T09:50:18","modified_gmt":"2026-04-01T12:50:18","slug":"se-realizo-una-nueva-edicion-del-mercadito-saludable-en-el-paseo-gabriel-abalos","status":"publish","type":"post","link":"http:\/\/elurbanoweb.com.ar\/diario\/se-realizo-una-nueva-edicion-del-mercadito-saludable-en-el-paseo-gabriel-abalos\/","title":{"rendered":"Se realiz\u00f3 una nueva edici\u00f3n del \u201cMercadito Saludable\u201d en el Paseo Gabriel \u00c1balos"},"content":{"rendered":"<p>La Municipalidad de La Banda llev\u00f3 a cabo una nueva edici\u00f3n del \u201cMercadito Saludable\u201d en el Paseo Gabriel \u00c1balos, con una importante participaci\u00f3n de vecinos que se acercaron a recorrer y adquirir productos locales.<\/p>\n<p><img loading=\"lazy\" decoding=\"async\" class=\"alignnone wp-image-68333 size-full\" src=\"http:\/\/elurbanoweb.com.ar\/diario\/wp-content\/uploads\/2026\/04\/mercadito3.jpg\" alt=\"\" width=\"1010\" height=\"567\" srcset=\"http:\/\/elurbanoweb.com.ar\/diario\/wp-content\/uploads\/2026\/04\/mercadito3.jpg 1010w, http:\/\/elurbanoweb.com.ar\/diario\/wp-content\/uploads\/2026\/04\/mercadito3-300x168.jpg 300w, http:\/\/elurbanoweb.com.ar\/diario\/wp-content\/uploads\/2026\/04\/mercadito3-150x84.jpg 150w\" sizes=\"auto, (max-width: 1010px) 100vw, 1010px\" \/><\/p>\n<p><!--more--><\/p>\n<p>La propuesta, impulsada a trav\u00e9s de la Oficina de Emprendedores, tuvo como objetivo promover h\u00e1bitos de vida saludables y acompa\u00f1ar a los productores locales, ofreciendo una amplia variedad de productos de calidad.<\/p>\n<p>Durante la jornada, los asistentes pudieron encontrar frutas y verduras frescas, productos sin TACC, alimentos sin az\u00facar, plantas y diversas opciones saludables.<\/p>\n<p>Adem\u00e1s, el espacio permiti\u00f3 visibilizar el trabajo de emprendedores de la ciudad, generando un punto de encuentro que favorece el crecimiento de la econom\u00eda local y el v\u00ednculo directo entre productores y consumidores.<\/p>\n<p>La iniciativa tambi\u00e9n busc\u00f3 concientizar sobre la importancia de una alimentaci\u00f3n equilibrada y el consumo responsable, promoviendo pr\u00e1cticas que contribuyan al bienestar general de la comunidad.<\/p>\n","protected":false},"excerpt":{"rendered":"<p>La Municipalidad de La Banda llev\u00f3 a cabo una nueva edici\u00f3n del \u201cMercadito Saludable\u201d en el Paseo Gabriel \u00c1balos, con una importante participaci\u00f3n de vecinos que se acercaron a recorrer&hellip; <\/p>\n","protected":false},"author":1,"featured_media":68333,"comment_status":"closed","ping_status":"closed","sticky":false,"template":"","format":"standard","meta":{"footnotes":""},"categories":[9],"tags":[],"class_list":["post-68332","post","type-post","status-publish","format-standard","has-post-thumbnail","hentry","category-la-banda"],"_links":{"self":[{"href":"http:\/\/elurbanoweb.com.ar\/diario\/wp-json\/wp\/v2\/posts\/68332","targetHints":{"allow":["GET"]}}],"collection":[{"href":"http:\/\/elurbanoweb.com.ar\/diario\/wp-json\/wp\/v2\/posts"}],"about":[{"href":"http:\/\/elurbanoweb.com.ar\/diario\/wp-json\/wp\/v2\/types\/post"}],"author":[{"embeddable":true,"href":"http:\/\/elurbanoweb.com.ar\/diario\/wp-json\/wp\/v2\/users\/1"}],"replies":[{"embeddable":true,"href":"http:\/\/elurbanoweb.com.ar\/diario\/wp-json\/wp\/v2\/comments?post=68332"}],"version-history":[{"count":1,"href":"http:\/\/elurbanoweb.com.ar\/diario\/wp-json\/wp\/v2\/posts\/68332\/revisions"}],"predecessor-version":[{"id":68334,"href":"http:\/\/elurbanoweb.com.ar\/diario\/wp-json\/wp\/v2\/posts\/68332\/revisions\/68334"}],"wp:featuredmedia":[{"embeddable":true,"href":"http:\/\/elurbanoweb.com.ar\/diario\/wp-json\/wp\/v2\/media\/68333"}],"wp:attachment":[{"href":"http:\/\/elurbanoweb.com.ar\/diario\/wp-json\/wp\/v2\/media?parent=68332"}],"wp:term":[{"taxonomy":"category","embeddable":true,"href":"http:\/\/elurbanoweb.com.ar\/diario\/wp-json\/wp\/v2\/categories?post=68332"},{"taxonomy":"post_tag","embeddable":true,"href":"http:\/\/elurbanoweb.com.ar\/diario\/wp-json\/wp\/v2\/tags?post=68332"}],"curies":[{"name":"wp","href":"https:\/\/api.w.org\/{rel}","templated":true}]}}