{"id":68339,"date":"2026-04-01T09:54:33","date_gmt":"2026-04-01T12:54:33","guid":{"rendered":"https:\/\/elurbanoweb.com.ar\/diario\/?p=68339"},"modified":"2026-04-01T09:54:33","modified_gmt":"2026-04-01T12:54:33","slug":"fernandez-fue-sede-de-la-iii-jornada-regional-del-arsenico-con-un-fuerte-enfoque-interdisciplinario","status":"publish","type":"post","link":"http:\/\/elurbanoweb.com.ar\/diario\/fernandez-fue-sede-de-la-iii-jornada-regional-del-arsenico-con-un-fuerte-enfoque-interdisciplinario\/","title":{"rendered":"Fern\u00e1ndez fue sede de la III Jornada Regional del Ars\u00e9nico con un fuerte enfoque interdisciplinario"},"content":{"rendered":"<p>La ciudad de Fern\u00e1ndez fue escenario de la III Jornada Regional del Ars\u00e9nico, un espacio de reflexi\u00f3n, intercambio y trabajo conjunto en torno a una problem\u00e1tica que afecta a gran parte del territorio santiague\u00f1o y de la regi\u00f3n.<\/p>\n<p><img loading=\"lazy\" decoding=\"async\" class=\"alignnone wp-image-68340 size-full\" src=\"http:\/\/elurbanoweb.com.ar\/diario\/wp-content\/uploads\/2026\/04\/arsenico4.jpg\" alt=\"\" width=\"1010\" height=\"567\" srcset=\"http:\/\/elurbanoweb.com.ar\/diario\/wp-content\/uploads\/2026\/04\/arsenico4.jpg 1010w, http:\/\/elurbanoweb.com.ar\/diario\/wp-content\/uploads\/2026\/04\/arsenico4-300x168.jpg 300w, http:\/\/elurbanoweb.com.ar\/diario\/wp-content\/uploads\/2026\/04\/arsenico4-150x84.jpg 150w\" sizes=\"auto, (max-width: 1010px) 100vw, 1010px\" \/><\/p>\n<p><!--more--><\/p>\n<p>El encuentro reuni\u00f3 a autoridades provinciales y universitarias, y fue encabezado por el jefe de Gabinete, V\u00edctor Araujo; la intendenta de Fern\u00e1ndez, Yanina Iturre; el rector de la Universidad Nacional de Santiago del Estero, Marcelino Ledesma; el rector de la Universidad Cat\u00f3lica de Santiago del Estero, Luis Lucena; y el presidente del Ente Regulador de los Servicios de Agua y Cloacas (Ersac), Juan Domingo Roitman. Tambi\u00e9n participaron representantes de la Mesa Interinstitucional del Ars\u00e9nico.<\/p>\n<p>La actividad se desarroll\u00f3 en el Centro Cultural \u201cSixto Palavecino\u201d, bajo el lema \u201cAgua con ars\u00e9nico: saberes y pr\u00e1cticas en torno a una problem\u00e1tica regional compleja\u201d. La propuesta, de car\u00e1cter libre y gratuito, estuvo destinada a profesionales, docentes y p\u00fablico en general, y cont\u00f3 con certificaci\u00f3n con puntaje docente.<\/p>\n<p>En su discurso de apertura, el rector de la UNSE, Marcelino Ledesma, destac\u00f3 el valor del trabajo sostenido y articulado entre instituciones para abordar una problem\u00e1tica compleja como la del ars\u00e9nico en el agua. En ese sentido, puso en relieve el crecimiento de la Mesa Interinstitucional, que actualmente re\u00fane a m\u00e1s de 20 organizaciones con una mirada integral y complementaria.<\/p>\n<p>\u201cEl desaf\u00edo no solo es abordar la tem\u00e1tica, sino sostener el trabajo en el tiempo y fortalecer el di\u00e1logo entre instituciones con distintas perspectivas, pero con un objetivo com\u00fan vinculado al bien colectivo\u201d, expres\u00f3. Asimismo, valor\u00f3 el compromiso permanente de los equipos t\u00e9cnicos y acad\u00e9micos que impulsan este espacio de construcci\u00f3n conjunta.<\/p>\n","protected":false},"excerpt":{"rendered":"<p>La ciudad de Fern\u00e1ndez fue escenario de la III Jornada Regional del Ars\u00e9nico, un espacio de reflexi\u00f3n, intercambio y trabajo conjunto en torno a una problem\u00e1tica que afecta a gran&hellip; <\/p>\n","protected":false},"author":1,"featured_media":68340,"comment_status":"closed","ping_status":"closed","sticky":false,"template":"","format":"standard","meta":{"footnotes":""},"categories":[10],"tags":[],"class_list":["post-68339","post","type-post","status-publish","format-standard","has-post-thumbnail","hentry","category-interior"],"_links":{"self":[{"href":"http:\/\/elurbanoweb.com.ar\/diario\/wp-json\/wp\/v2\/posts\/68339","targetHints":{"allow":["GET"]}}],"collection":[{"href":"http:\/\/elurbanoweb.com.ar\/diario\/wp-json\/wp\/v2\/posts"}],"about":[{"href":"http:\/\/elurbanoweb.com.ar\/diario\/wp-json\/wp\/v2\/types\/post"}],"author":[{"embeddable":true,"href":"http:\/\/elurbanoweb.com.ar\/diario\/wp-json\/wp\/v2\/users\/1"}],"replies":[{"embeddable":true,"href":"http:\/\/elurbanoweb.com.ar\/diario\/wp-json\/wp\/v2\/comments?post=68339"}],"version-history":[{"count":1,"href":"http:\/\/elurbanoweb.com.ar\/diario\/wp-json\/wp\/v2\/posts\/68339\/revisions"}],"predecessor-version":[{"id":68341,"href":"http:\/\/elurbanoweb.com.ar\/diario\/wp-json\/wp\/v2\/posts\/68339\/revisions\/68341"}],"wp:featuredmedia":[{"embeddable":true,"href":"http:\/\/elurbanoweb.com.ar\/diario\/wp-json\/wp\/v2\/media\/68340"}],"wp:attachment":[{"href":"http:\/\/elurbanoweb.com.ar\/diario\/wp-json\/wp\/v2\/media?parent=68339"}],"wp:term":[{"taxonomy":"category","embeddable":true,"href":"http:\/\/elurbanoweb.com.ar\/diario\/wp-json\/wp\/v2\/categories?post=68339"},{"taxonomy":"post_tag","embeddable":true,"href":"http:\/\/elurbanoweb.com.ar\/diario\/wp-json\/wp\/v2\/tags?post=68339"}],"curies":[{"name":"wp","href":"https:\/\/api.w.org\/{rel}","templated":true}]}}