{"id":68377,"date":"2026-04-01T14:44:34","date_gmt":"2026-04-01T17:44:34","guid":{"rendered":"https:\/\/elurbanoweb.com.ar\/diario\/?p=68377"},"modified":"2026-04-01T14:44:34","modified_gmt":"2026-04-01T17:44:34","slug":"elias-suarez-hoy-dimos-un-paso-clave-para-seguir-fortaleciendo-el-desarrollo-productivo-en-todo-el-interior-de-nuestra-provincia","status":"publish","type":"post","link":"http:\/\/elurbanoweb.com.ar\/diario\/elias-suarez-hoy-dimos-un-paso-clave-para-seguir-fortaleciendo-el-desarrollo-productivo-en-todo-el-interior-de-nuestra-provincia\/","title":{"rendered":"El\u00edas Su\u00e1rez: \u201cHoy dimos un paso clave para seguir fortaleciendo el desarrollo productivo en todo el interior de nuestra provincia\u201d"},"content":{"rendered":"<p>El gobernador de Santiago del Estero, El\u00edas Su\u00e1rez, tras anunciar la puesta en funcionamiento de una red de 12 Agencias de Desarrollo Territorial, una iniciativa orientada a fortalecer el desarrollo productivo en el interior provincial.<\/p>\n<p><img loading=\"lazy\" decoding=\"async\" class=\"alignnone wp-image-68378 size-large\" src=\"http:\/\/elurbanoweb.com.ar\/diario\/wp-content\/uploads\/2026\/04\/productivo1-1024x681.jpg\" alt=\"\" width=\"1024\" height=\"681\" srcset=\"http:\/\/elurbanoweb.com.ar\/diario\/wp-content\/uploads\/2026\/04\/productivo1-1024x681.jpg 1024w, http:\/\/elurbanoweb.com.ar\/diario\/wp-content\/uploads\/2026\/04\/productivo1-300x200.jpg 300w, http:\/\/elurbanoweb.com.ar\/diario\/wp-content\/uploads\/2026\/04\/productivo1-150x100.jpg 150w, http:\/\/elurbanoweb.com.ar\/diario\/wp-content\/uploads\/2026\/04\/productivo1-1536x1022.jpg 1536w, http:\/\/elurbanoweb.com.ar\/diario\/wp-content\/uploads\/2026\/04\/productivo1.jpg 2048w\" sizes=\"auto, (max-width: 1024px) 100vw, 1024px\" \/><\/p>\n<p><!--more--><\/p>\n<p>Durante el acto realizado en la ma\u00f1ana de este mi\u00e9rcoles en el Vivero San Carlos, el mandatario expres\u00f3 que \u201choy dimos un paso clave para seguir fortaleciendo el desarrollo productivo en todo el interior de nuestra provincia\u201d, al tiempo que remarc\u00f3 que esta pol\u00edtica permitir\u00e1 \u201cacercar el Estado a cada productor, con asistencia t\u00e9cnica, equipamiento y herramientas concretas para potenciar su trabajo\u201d.<\/p>\n<p>Las agencias ya se encuentran operativas en localidades como Clodomira, Monte Quemado, El Cruce, Los Telares, Fr\u00edas, Pozo Hondo, A\u00f1atuya, Loreto, Campo Gallo, Quimil\u00ed, Ojo de Agua y Fern\u00e1ndez, consolidando una red territorial que busca generar oportunidades, impulsar la innovaci\u00f3n y mejorar la capacidad productiva en cada regi\u00f3n.<\/p>\n<p>En ese sentido, Su\u00e1rez subray\u00f3 que esta presencia en el territorio permitir\u00e1 agregar valor a la materia prima local, promoviendo un crecimiento sostenido con inclusi\u00f3n. Adem\u00e1s, destac\u00f3 la incorporaci\u00f3n de maquinaria, tecnolog\u00eda de precisi\u00f3n y drones agr\u00edcolas, como parte de una estrategia orientada a modernizar el sector productivo.<\/p>\n<p>Finalmente, el gobernador reafirm\u00f3 la importancia de la articulaci\u00f3n entre el Estado, las universidades, los trabajadores y el sector productivo como base para el desarrollo. \u201cNo hay desarrollo posible sin producci\u00f3n y sin trabajo\u201d, concluy\u00f3.<\/p>\n","protected":false},"excerpt":{"rendered":"<p>El gobernador de Santiago del Estero, El\u00edas Su\u00e1rez, tras anunciar la puesta en funcionamiento de una red de 12 Agencias de Desarrollo Territorial, una iniciativa orientada a fortalecer el desarrollo&hellip; <\/p>\n","protected":false},"author":1,"featured_media":68378,"comment_status":"closed","ping_status":"closed","sticky":false,"template":"","format":"standard","meta":{"footnotes":""},"categories":[2,10],"tags":[],"class_list":["post-68377","post","type-post","status-publish","format-standard","has-post-thumbnail","hentry","category-gobierno","category-interior"],"_links":{"self":[{"href":"http:\/\/elurbanoweb.com.ar\/diario\/wp-json\/wp\/v2\/posts\/68377","targetHints":{"allow":["GET"]}}],"collection":[{"href":"http:\/\/elurbanoweb.com.ar\/diario\/wp-json\/wp\/v2\/posts"}],"about":[{"href":"http:\/\/elurbanoweb.com.ar\/diario\/wp-json\/wp\/v2\/types\/post"}],"author":[{"embeddable":true,"href":"http:\/\/elurbanoweb.com.ar\/diario\/wp-json\/wp\/v2\/users\/1"}],"replies":[{"embeddable":true,"href":"http:\/\/elurbanoweb.com.ar\/diario\/wp-json\/wp\/v2\/comments?post=68377"}],"version-history":[{"count":1,"href":"http:\/\/elurbanoweb.com.ar\/diario\/wp-json\/wp\/v2\/posts\/68377\/revisions"}],"predecessor-version":[{"id":68379,"href":"http:\/\/elurbanoweb.com.ar\/diario\/wp-json\/wp\/v2\/posts\/68377\/revisions\/68379"}],"wp:featuredmedia":[{"embeddable":true,"href":"http:\/\/elurbanoweb.com.ar\/diario\/wp-json\/wp\/v2\/media\/68378"}],"wp:attachment":[{"href":"http:\/\/elurbanoweb.com.ar\/diario\/wp-json\/wp\/v2\/media?parent=68377"}],"wp:term":[{"taxonomy":"category","embeddable":true,"href":"http:\/\/elurbanoweb.com.ar\/diario\/wp-json\/wp\/v2\/categories?post=68377"},{"taxonomy":"post_tag","embeddable":true,"href":"http:\/\/elurbanoweb.com.ar\/diario\/wp-json\/wp\/v2\/tags?post=68377"}],"curies":[{"name":"wp","href":"https:\/\/api.w.org\/{rel}","templated":true}]}}