{"id":68380,"date":"2026-04-02T09:29:28","date_gmt":"2026-04-02T12:29:28","guid":{"rendered":"https:\/\/elurbanoweb.com.ar\/diario\/?p=68380"},"modified":"2026-04-02T09:29:28","modified_gmt":"2026-04-02T12:29:28","slug":"realizan-trabajos-de-fumigacion-y-desmalezamiento-en-el-cementerio-la-misericordia","status":"publish","type":"post","link":"http:\/\/elurbanoweb.com.ar\/diario\/realizan-trabajos-de-fumigacion-y-desmalezamiento-en-el-cementerio-la-misericordia\/","title":{"rendered":"Realizan trabajos de fumigaci\u00f3n y desmalezamiento en el Cementerio La Misericordia"},"content":{"rendered":"<p>La Municipalidad de La Banda inform\u00f3 que se est\u00e1n llevando a cabo tareas de fumigaci\u00f3n y desmalezamiento en el Cementerio La Misericordia, con el objetivo de acondicionar el predio de cara a las celebraciones de Pascuas.<\/p>\n<p><img loading=\"lazy\" decoding=\"async\" class=\"alignnone wp-image-68381 size-full\" src=\"http:\/\/elurbanoweb.com.ar\/diario\/wp-content\/uploads\/2026\/04\/misericordia1.jpg\" alt=\"\" width=\"1010\" height=\"567\" srcset=\"http:\/\/elurbanoweb.com.ar\/diario\/wp-content\/uploads\/2026\/04\/misericordia1.jpg 1010w, http:\/\/elurbanoweb.com.ar\/diario\/wp-content\/uploads\/2026\/04\/misericordia1-300x168.jpg 300w, http:\/\/elurbanoweb.com.ar\/diario\/wp-content\/uploads\/2026\/04\/misericordia1-150x84.jpg 150w\" sizes=\"auto, (max-width: 1010px) 100vw, 1010px\" \/><\/p>\n<p><!--more--><\/p>\n<p>Estos trabajos buscan garantizar un espacio limpio, ordenado y seguro para todos los vecinos que se acerquen a visitar a sus seres queridos durante estas fechas especiales, reforzando adem\u00e1s las condiciones sanitarias del lugar.<\/p>\n<p>Desde el municipio se destac\u00f3 que las tareas forman parte de un operativo integral de mantenimiento, orientado a mejorar la infraestructura y el entorno del cementerio.<\/p>\n<p>Asimismo, se inform\u00f3 que el cementerio funcionar\u00e1 con normalidad durante los d\u00edas jueves y viernes, en el horario de 7:00 a 19:00, permitiendo el acceso de los visitantes en ese per\u00edodo.<\/p>\n<p>De esta manera, el municipio contin\u00faa trabajando para brindar espacios en condiciones adecuadas, acompa\u00f1ando a la comunidad en fechas significativas como las Pascuas.<\/p>\n","protected":false},"excerpt":{"rendered":"<p>La Municipalidad de La Banda inform\u00f3 que se est\u00e1n llevando a cabo tareas de fumigaci\u00f3n y desmalezamiento en el Cementerio La Misericordia, con el objetivo de acondicionar el predio de&hellip; <\/p>\n","protected":false},"author":1,"featured_media":68381,"comment_status":"closed","ping_status":"closed","sticky":false,"template":"","format":"standard","meta":{"footnotes":""},"categories":[9],"tags":[],"class_list":["post-68380","post","type-post","status-publish","format-standard","has-post-thumbnail","hentry","category-la-banda"],"_links":{"self":[{"href":"http:\/\/elurbanoweb.com.ar\/diario\/wp-json\/wp\/v2\/posts\/68380","targetHints":{"allow":["GET"]}}],"collection":[{"href":"http:\/\/elurbanoweb.com.ar\/diario\/wp-json\/wp\/v2\/posts"}],"about":[{"href":"http:\/\/elurbanoweb.com.ar\/diario\/wp-json\/wp\/v2\/types\/post"}],"author":[{"embeddable":true,"href":"http:\/\/elurbanoweb.com.ar\/diario\/wp-json\/wp\/v2\/users\/1"}],"replies":[{"embeddable":true,"href":"http:\/\/elurbanoweb.com.ar\/diario\/wp-json\/wp\/v2\/comments?post=68380"}],"version-history":[{"count":1,"href":"http:\/\/elurbanoweb.com.ar\/diario\/wp-json\/wp\/v2\/posts\/68380\/revisions"}],"predecessor-version":[{"id":68382,"href":"http:\/\/elurbanoweb.com.ar\/diario\/wp-json\/wp\/v2\/posts\/68380\/revisions\/68382"}],"wp:featuredmedia":[{"embeddable":true,"href":"http:\/\/elurbanoweb.com.ar\/diario\/wp-json\/wp\/v2\/media\/68381"}],"wp:attachment":[{"href":"http:\/\/elurbanoweb.com.ar\/diario\/wp-json\/wp\/v2\/media?parent=68380"}],"wp:term":[{"taxonomy":"category","embeddable":true,"href":"http:\/\/elurbanoweb.com.ar\/diario\/wp-json\/wp\/v2\/categories?post=68380"},{"taxonomy":"post_tag","embeddable":true,"href":"http:\/\/elurbanoweb.com.ar\/diario\/wp-json\/wp\/v2\/tags?post=68380"}],"curies":[{"name":"wp","href":"https:\/\/api.w.org\/{rel}","templated":true}]}}