{"id":68383,"date":"2026-04-02T09:30:51","date_gmt":"2026-04-02T12:30:51","guid":{"rendered":"https:\/\/elurbanoweb.com.ar\/diario\/?p=68383"},"modified":"2026-04-02T09:30:51","modified_gmt":"2026-04-02T12:30:51","slug":"el-cine-teatro-renzi-presenta-el-estreno-de-super-mario-galaxy-y-una-nueva-programacion-semanal","status":"publish","type":"post","link":"http:\/\/elurbanoweb.com.ar\/diario\/el-cine-teatro-renzi-presenta-el-estreno-de-super-mario-galaxy-y-una-nueva-programacion-semanal\/","title":{"rendered":"El Cine Teatro Renzi presenta el estreno de \u201cSuper Mario Galaxy\u201d y una nueva programaci\u00f3n semanal"},"content":{"rendered":"<p>El Cine Teatro Renzi dio a conocer su programaci\u00f3n correspondiente del 2 al 8 de abril, destacando el esperado estreno de \u201cSuper Mario Galaxy\u201d, una propuesta pensada para toda la familia que llega a la pantalla grande con m\u00faltiples funciones.<\/p>\n<p><img loading=\"lazy\" decoding=\"async\" class=\"alignnone wp-image-68384 size-full\" src=\"http:\/\/elurbanoweb.com.ar\/diario\/wp-content\/uploads\/2026\/04\/renzi00.jpg\" alt=\"\" width=\"1010\" height=\"567\" srcset=\"http:\/\/elurbanoweb.com.ar\/diario\/wp-content\/uploads\/2026\/04\/renzi00.jpg 1010w, http:\/\/elurbanoweb.com.ar\/diario\/wp-content\/uploads\/2026\/04\/renzi00-300x168.jpg 300w, http:\/\/elurbanoweb.com.ar\/diario\/wp-content\/uploads\/2026\/04\/renzi00-150x84.jpg 150w\" sizes=\"auto, (max-width: 1010px) 100vw, 1010px\" \/><\/p>\n<p><!--more--><\/p>\n<p>La pel\u00edcula se proyectar\u00e1 en los horarios de 16:00, 18:00 y 22:15, ofreciendo una alternativa ideal para grandes y chicos que deseen disfrutar de una experiencia cinematogr\u00e1fica llena de aventura, diversi\u00f3n y emoci\u00f3n.<\/p>\n<p>Adem\u00e1s, la cartelera incluye producciones del Espacio INCAA, promoviendo el cine nacional con la proyecci\u00f3n de \u201cLos Sue\u00f1os de Elma\u201d, que podr\u00e1 verse los d\u00edas 3 y 5 de abril a las 20:00, y \u201cMalvinas, Legado de Sangre\u201d, que se exhibir\u00e1 el 4 de abril en el mismo horario.<\/p>\n<p>De esta manera, el Cine Teatro Renzi contin\u00faa consolid\u00e1ndose como un espacio cultural de referencia en la ciudad de La Banda, brindando propuestas para todos los p\u00fablicos y fomentando tanto el entretenimiento como el acceso al cine nacional.<\/p>\n","protected":false},"excerpt":{"rendered":"<p>El Cine Teatro Renzi dio a conocer su programaci\u00f3n correspondiente del 2 al 8 de abril, destacando el esperado estreno de \u201cSuper Mario Galaxy\u201d, una propuesta pensada para toda la&hellip; <\/p>\n","protected":false},"author":1,"featured_media":68384,"comment_status":"closed","ping_status":"closed","sticky":false,"template":"","format":"standard","meta":{"footnotes":""},"categories":[9],"tags":[],"class_list":["post-68383","post","type-post","status-publish","format-standard","has-post-thumbnail","hentry","category-la-banda"],"_links":{"self":[{"href":"http:\/\/elurbanoweb.com.ar\/diario\/wp-json\/wp\/v2\/posts\/68383","targetHints":{"allow":["GET"]}}],"collection":[{"href":"http:\/\/elurbanoweb.com.ar\/diario\/wp-json\/wp\/v2\/posts"}],"about":[{"href":"http:\/\/elurbanoweb.com.ar\/diario\/wp-json\/wp\/v2\/types\/post"}],"author":[{"embeddable":true,"href":"http:\/\/elurbanoweb.com.ar\/diario\/wp-json\/wp\/v2\/users\/1"}],"replies":[{"embeddable":true,"href":"http:\/\/elurbanoweb.com.ar\/diario\/wp-json\/wp\/v2\/comments?post=68383"}],"version-history":[{"count":1,"href":"http:\/\/elurbanoweb.com.ar\/diario\/wp-json\/wp\/v2\/posts\/68383\/revisions"}],"predecessor-version":[{"id":68385,"href":"http:\/\/elurbanoweb.com.ar\/diario\/wp-json\/wp\/v2\/posts\/68383\/revisions\/68385"}],"wp:featuredmedia":[{"embeddable":true,"href":"http:\/\/elurbanoweb.com.ar\/diario\/wp-json\/wp\/v2\/media\/68384"}],"wp:attachment":[{"href":"http:\/\/elurbanoweb.com.ar\/diario\/wp-json\/wp\/v2\/media?parent=68383"}],"wp:term":[{"taxonomy":"category","embeddable":true,"href":"http:\/\/elurbanoweb.com.ar\/diario\/wp-json\/wp\/v2\/categories?post=68383"},{"taxonomy":"post_tag","embeddable":true,"href":"http:\/\/elurbanoweb.com.ar\/diario\/wp-json\/wp\/v2\/tags?post=68383"}],"curies":[{"name":"wp","href":"https:\/\/api.w.org\/{rel}","templated":true}]}}