{"id":68386,"date":"2026-04-02T09:32:30","date_gmt":"2026-04-02T12:32:30","guid":{"rendered":"https:\/\/elurbanoweb.com.ar\/diario\/?p=68386"},"modified":"2026-04-02T09:34:42","modified_gmt":"2026-04-02T12:34:42","slug":"exitosa-jornada-de-concientizacion-por-el-dia-mundial-sobre-el-autismo-en-plaza-belgrano","status":"publish","type":"post","link":"http:\/\/elurbanoweb.com.ar\/diario\/exitosa-jornada-de-concientizacion-por-el-dia-mundial-sobre-el-autismo-en-plaza-belgrano\/","title":{"rendered":"Exitosa jornada de concientizaci\u00f3n por el D\u00eda Mundial sobre el Autismo en Plaza Belgrano"},"content":{"rendered":"<p>En el marco de las actividades por el D\u00eda Internacional del Autismo, se llev\u00f3 a cabo una jornada inclusiva en la Plaza Belgrano de la ciudad de La Banda, con una importante participaci\u00f3n de la comunidad.<\/p>\n<p><img loading=\"lazy\" decoding=\"async\" class=\"alignnone wp-image-68387 size-full\" src=\"http:\/\/elurbanoweb.com.ar\/diario\/wp-content\/uploads\/2026\/04\/autismo.jpg\" alt=\"\" width=\"1010\" height=\"567\" srcset=\"http:\/\/elurbanoweb.com.ar\/diario\/wp-content\/uploads\/2026\/04\/autismo.jpg 1010w, http:\/\/elurbanoweb.com.ar\/diario\/wp-content\/uploads\/2026\/04\/autismo-300x168.jpg 300w, http:\/\/elurbanoweb.com.ar\/diario\/wp-content\/uploads\/2026\/04\/autismo-150x84.jpg 150w\" sizes=\"auto, (max-width: 1010px) 100vw, 1010px\" \/><\/p>\n<p><!--more--><\/p>\n<p>Durante el encuentro, se desarrollaron diversas propuestas abiertas y gratuitas, entre ellas bailes art\u00edsticos, actividades recreativas para ni\u00f1os, espacios de pintura de caras y stands informativos, donde profesionales y centros terap\u00e9uticos brindaron orientaci\u00f3n y compartieron herramientas vinculadas a la tem\u00e1tica.<\/p>\n<p><img loading=\"lazy\" decoding=\"async\" class=\"alignnone wp-image-68390 size-large\" src=\"http:\/\/elurbanoweb.com.ar\/diario\/wp-content\/uploads\/2026\/04\/autismo1-1024x680.jpg\" alt=\"\" width=\"1024\" height=\"680\" srcset=\"http:\/\/elurbanoweb.com.ar\/diario\/wp-content\/uploads\/2026\/04\/autismo1-1024x680.jpg 1024w, http:\/\/elurbanoweb.com.ar\/diario\/wp-content\/uploads\/2026\/04\/autismo1-300x199.jpg 300w, http:\/\/elurbanoweb.com.ar\/diario\/wp-content\/uploads\/2026\/04\/autismo1-150x100.jpg 150w, http:\/\/elurbanoweb.com.ar\/diario\/wp-content\/uploads\/2026\/04\/autismo1.jpg 1062w\" sizes=\"auto, (max-width: 1024px) 100vw, 1024px\" \/><\/p>\n<p>El secretario de Coordinaci\u00f3n y Desarrollo Territorial, Mat\u00edas Nediani, destac\u00f3 la importancia de este tipo de iniciativas, se\u00f1alando que \u201ces fundamental generar estos espacios de encuentro para que los vecinos puedan conocer el trabajo que se realiza desde el municipio y seguir fortaleciendo el acompa\u00f1amiento a las personas con autismo y sus familias\u201d. Asimismo, remarc\u00f3 que desde el a\u00f1o 2022 se viene trabajando de manera sostenida en pol\u00edticas vinculadas a las neurodivergencias, promoviendo la inclusi\u00f3n y la concientizaci\u00f3n.<\/p>\n<p>Por su parte, la directora de la Direcci\u00f3n de Discapacidad, Alejandra Nallar, explic\u00f3 que la jornada fue pensada para toda la comunidad, entendiendo que el autismo \u201cno es una enfermedad, sino una condici\u00f3n que acompa\u00f1a a la persona a lo largo de toda su vida\u201d. En este sentido, indic\u00f3 que las actividades no solo estuvieron orientadas a la recreaci\u00f3n, sino tambi\u00e9n a brindar herramientas concretas a docentes, familias y profesionales para continuar el trabajo en cada instituci\u00f3n.<\/p>\n<p><img loading=\"lazy\" decoding=\"async\" class=\"alignnone wp-image-68391 size-large\" src=\"http:\/\/elurbanoweb.com.ar\/diario\/wp-content\/uploads\/2026\/04\/autismo2-1024x680.jpg\" alt=\"\" width=\"1024\" height=\"680\" srcset=\"http:\/\/elurbanoweb.com.ar\/diario\/wp-content\/uploads\/2026\/04\/autismo2-1024x680.jpg 1024w, http:\/\/elurbanoweb.com.ar\/diario\/wp-content\/uploads\/2026\/04\/autismo2-300x199.jpg 300w, http:\/\/elurbanoweb.com.ar\/diario\/wp-content\/uploads\/2026\/04\/autismo2-150x100.jpg 150w, http:\/\/elurbanoweb.com.ar\/diario\/wp-content\/uploads\/2026\/04\/autismo2.jpg 1062w\" sizes=\"auto, (max-width: 1024px) 100vw, 1024px\" \/><\/p>\n<p>Adem\u00e1s, durante la jornada se promovi\u00f3 el intercambio de experiencias y saberes, fortaleciendo el v\u00ednculo entre el municipio, las instituciones educativas, los centros terap\u00e9uticos y la comunidad en general.<\/p>\n<p>De esta manera, el municipio contin\u00faa impulsando pol\u00edticas p\u00fablicas inclusivas, generando espacios de concientizaci\u00f3n, informaci\u00f3n y acompa\u00f1amiento, con el objetivo de construir una sociedad m\u00e1s emp\u00e1tica, informada y comprometida con la diversidad.<\/p>\n","protected":false},"excerpt":{"rendered":"<p>En el marco de las actividades por el D\u00eda Internacional del Autismo, se llev\u00f3 a cabo una jornada inclusiva en la Plaza Belgrano de la ciudad de La Banda, con&hellip; <\/p>\n","protected":false},"author":1,"featured_media":68387,"comment_status":"closed","ping_status":"closed","sticky":false,"template":"","format":"standard","meta":{"footnotes":""},"categories":[9],"tags":[],"class_list":["post-68386","post","type-post","status-publish","format-standard","has-post-thumbnail","hentry","category-la-banda"],"_links":{"self":[{"href":"http:\/\/elurbanoweb.com.ar\/diario\/wp-json\/wp\/v2\/posts\/68386","targetHints":{"allow":["GET"]}}],"collection":[{"href":"http:\/\/elurbanoweb.com.ar\/diario\/wp-json\/wp\/v2\/posts"}],"about":[{"href":"http:\/\/elurbanoweb.com.ar\/diario\/wp-json\/wp\/v2\/types\/post"}],"author":[{"embeddable":true,"href":"http:\/\/elurbanoweb.com.ar\/diario\/wp-json\/wp\/v2\/users\/1"}],"replies":[{"embeddable":true,"href":"http:\/\/elurbanoweb.com.ar\/diario\/wp-json\/wp\/v2\/comments?post=68386"}],"version-history":[{"count":3,"href":"http:\/\/elurbanoweb.com.ar\/diario\/wp-json\/wp\/v2\/posts\/68386\/revisions"}],"predecessor-version":[{"id":68392,"href":"http:\/\/elurbanoweb.com.ar\/diario\/wp-json\/wp\/v2\/posts\/68386\/revisions\/68392"}],"wp:featuredmedia":[{"embeddable":true,"href":"http:\/\/elurbanoweb.com.ar\/diario\/wp-json\/wp\/v2\/media\/68387"}],"wp:attachment":[{"href":"http:\/\/elurbanoweb.com.ar\/diario\/wp-json\/wp\/v2\/media?parent=68386"}],"wp:term":[{"taxonomy":"category","embeddable":true,"href":"http:\/\/elurbanoweb.com.ar\/diario\/wp-json\/wp\/v2\/categories?post=68386"},{"taxonomy":"post_tag","embeddable":true,"href":"http:\/\/elurbanoweb.com.ar\/diario\/wp-json\/wp\/v2\/tags?post=68386"}],"curies":[{"name":"wp","href":"https:\/\/api.w.org\/{rel}","templated":true}]}}