{"id":68396,"date":"2026-04-02T09:40:28","date_gmt":"2026-04-02T12:40:28","guid":{"rendered":"https:\/\/elurbanoweb.com.ar\/diario\/?p=68396"},"modified":"2026-04-02T09:40:28","modified_gmt":"2026-04-02T12:40:28","slug":"invitaron-a-visitar-y-participar-del-6-encuentro-nacional-de-artesanos-en-el-parque-oeste","status":"publish","type":"post","link":"http:\/\/elurbanoweb.com.ar\/diario\/invitaron-a-visitar-y-participar-del-6-encuentro-nacional-de-artesanos-en-el-parque-oeste\/","title":{"rendered":"Invitaron a visitar y participar del 6\u00b0 Encuentro Nacional de Artesanos en el Parque Oeste"},"content":{"rendered":"<p>El espacio de las Teleras en el Parque Oeste ser\u00e1 sede del 6\u00b0 Encuentro Nacional de Artesanos que, se desarrollar\u00e1 desde el jueves 2 de abril hasta el domingo 5 con la participaci\u00f3n de emprendedores de diferentes lugares del pa\u00eds y de la provincia, en el marco de las actividades programadas por la Municipalidad de la Capital para Semana Santa.<\/p>\n<p><img loading=\"lazy\" decoding=\"async\" class=\"alignnone wp-image-68397 size-full\" src=\"http:\/\/elurbanoweb.com.ar\/diario\/wp-content\/uploads\/2026\/04\/tres5.jpg\" alt=\"\" width=\"1010\" height=\"567\" srcset=\"http:\/\/elurbanoweb.com.ar\/diario\/wp-content\/uploads\/2026\/04\/tres5.jpg 1010w, http:\/\/elurbanoweb.com.ar\/diario\/wp-content\/uploads\/2026\/04\/tres5-300x168.jpg 300w, http:\/\/elurbanoweb.com.ar\/diario\/wp-content\/uploads\/2026\/04\/tres5-150x84.jpg 150w\" sizes=\"auto, (max-width: 1010px) 100vw, 1010px\" \/><\/p>\n<p><!--more--><\/p>\n<p>El director de Cultura, Francisco Avenda\u00f1o, acompa\u00f1ado por Judith Basualdo presidente y Ricardo Contreras, tesorero de la Asociaci\u00f3n de Artesanos de Santiago del Estero, indic\u00f3 que la propuesta surgida con la intenci\u00f3n de impulsar el trabajo de artesanos y dar posibilidad a los agentes culturales, se abrir\u00e1 en cada jornada a partir de las 17 y hasta las 23 con acceso libre y gratuito.<\/p>\n<p>El funcionario indic\u00f3 que el espacio ofrecer\u00e1 variedad de artesan\u00edas en distintos rubros, que se complementar\u00e1n con actividades instructivas como talleres, charlas y la presentaci\u00f3n de m\u00fasicos locales en el escenario.<\/p>\n<p>Desde la Asociaci\u00f3n de Artesanos, adelantaron que en esta edici\u00f3n participar\u00e1n artesanos de Buenos Aires, Salta, Catamarca, Santa Fe y de ciudades del interior de la provincia, como Quimil\u00ed, Termas de R\u00edo Hondo, Figueroa, Ojo de Agua y Sumampa.<\/p>\n<p>En cuanto a las capacitaciones y charlas, dar\u00e1n comienzo el jueves 2 con el Taller de Macram\u00e9 a partir de las 20, continuar\u00e1n el viernes 3 con los talleres de tallado en madera y de hilado desde las 18 y a las 20, respectivamente.<\/p>\n<p>De la misma manera, se\u00f1alaron que, el s\u00e1bado 4, se dictar\u00e1n el Taller de cer\u00e1mica artesanal a las 18, y las charlas \u201cTaller para luther\u00eda y ebanister\u00eda\u201d (sint\u00e9tico y org\u00e1nico) y de fieltro agujado, a partir de las 19. Dentro de este espacio el p\u00fablico visitante podr\u00e1 presenciar y apreciar el trabajo en vivo de los artesanos.<\/p>\n","protected":false},"excerpt":{"rendered":"<p>El espacio de las Teleras en el Parque Oeste ser\u00e1 sede del 6\u00b0 Encuentro Nacional de Artesanos que, se desarrollar\u00e1 desde el jueves 2 de abril hasta el domingo 5&hellip; <\/p>\n","protected":false},"author":1,"featured_media":68397,"comment_status":"closed","ping_status":"closed","sticky":false,"template":"","format":"standard","meta":{"footnotes":""},"categories":[16],"tags":[],"class_list":["post-68396","post","type-post","status-publish","format-standard","has-post-thumbnail","hentry","category-locales"],"_links":{"self":[{"href":"http:\/\/elurbanoweb.com.ar\/diario\/wp-json\/wp\/v2\/posts\/68396","targetHints":{"allow":["GET"]}}],"collection":[{"href":"http:\/\/elurbanoweb.com.ar\/diario\/wp-json\/wp\/v2\/posts"}],"about":[{"href":"http:\/\/elurbanoweb.com.ar\/diario\/wp-json\/wp\/v2\/types\/post"}],"author":[{"embeddable":true,"href":"http:\/\/elurbanoweb.com.ar\/diario\/wp-json\/wp\/v2\/users\/1"}],"replies":[{"embeddable":true,"href":"http:\/\/elurbanoweb.com.ar\/diario\/wp-json\/wp\/v2\/comments?post=68396"}],"version-history":[{"count":1,"href":"http:\/\/elurbanoweb.com.ar\/diario\/wp-json\/wp\/v2\/posts\/68396\/revisions"}],"predecessor-version":[{"id":68398,"href":"http:\/\/elurbanoweb.com.ar\/diario\/wp-json\/wp\/v2\/posts\/68396\/revisions\/68398"}],"wp:featuredmedia":[{"embeddable":true,"href":"http:\/\/elurbanoweb.com.ar\/diario\/wp-json\/wp\/v2\/media\/68397"}],"wp:attachment":[{"href":"http:\/\/elurbanoweb.com.ar\/diario\/wp-json\/wp\/v2\/media?parent=68396"}],"wp:term":[{"taxonomy":"category","embeddable":true,"href":"http:\/\/elurbanoweb.com.ar\/diario\/wp-json\/wp\/v2\/categories?post=68396"},{"taxonomy":"post_tag","embeddable":true,"href":"http:\/\/elurbanoweb.com.ar\/diario\/wp-json\/wp\/v2\/tags?post=68396"}],"curies":[{"name":"wp","href":"https:\/\/api.w.org\/{rel}","templated":true}]}}