{"id":68420,"date":"2026-04-02T09:57:28","date_gmt":"2026-04-02T12:57:28","guid":{"rendered":"https:\/\/elurbanoweb.com.ar\/diario\/?p=68420"},"modified":"2026-04-02T09:57:28","modified_gmt":"2026-04-02T12:57:28","slug":"el-gobernador-elias-suarez-preside-el-acto-en-homenaje-a-los-heroes-de-malvinas","status":"publish","type":"post","link":"http:\/\/elurbanoweb.com.ar\/diario\/el-gobernador-elias-suarez-preside-el-acto-en-homenaje-a-los-heroes-de-malvinas\/","title":{"rendered":"El gobernador El\u00edas Su\u00e1rez preside el acto en homenaje a los h\u00e9roes de Malvinas"},"content":{"rendered":"<p>En una jornada marcada por el respeto y el recuerdo vivo de la soberan\u00eda nacional, la ciudad Capital dio inicio a los actos centrales por el D\u00eda del Veterano y de los Ca\u00eddos en la Guerra de Malvinas.<\/p>\n<p><img loading=\"lazy\" decoding=\"async\" class=\"alignnone wp-image-68421 size-full\" src=\"http:\/\/elurbanoweb.com.ar\/diario\/wp-content\/uploads\/2026\/04\/homenaje1.jpg\" alt=\"\" width=\"1010\" height=\"567\" srcset=\"http:\/\/elurbanoweb.com.ar\/diario\/wp-content\/uploads\/2026\/04\/homenaje1.jpg 1010w, http:\/\/elurbanoweb.com.ar\/diario\/wp-content\/uploads\/2026\/04\/homenaje1-300x168.jpg 300w, http:\/\/elurbanoweb.com.ar\/diario\/wp-content\/uploads\/2026\/04\/homenaje1-150x84.jpg 150w\" sizes=\"auto, (max-width: 1010px) 100vw, 1010px\" \/><\/p>\n<p><!--more--><\/p>\n<p>El homenaje arranc\u00f3 con el tradicional izamiento de las banderas nacional y provincial, un momento de profunda solemnidad que estuvo encabezado por el Gobernador de la Provincia, Elias Su\u00e1rez y la intendenta de la Capital, Ing. Norma Fuentes.<\/p>\n<p>El acto cuenta con una amplia participaci\u00f3n de funcionarios provinciales y municipales, legisladores y representantes de las fuerzas de seguridad, quienes se unieron a los protagonistas de la jornada: los veteranos de guerra y familiares de los ca\u00eddos.<\/p>\n","protected":false},"excerpt":{"rendered":"<p>En una jornada marcada por el respeto y el recuerdo vivo de la soberan\u00eda nacional, la ciudad Capital dio inicio a los actos centrales por el D\u00eda del Veterano y&hellip; <\/p>\n","protected":false},"author":1,"featured_media":68421,"comment_status":"closed","ping_status":"closed","sticky":false,"template":"","format":"standard","meta":{"footnotes":""},"categories":[2],"tags":[],"class_list":["post-68420","post","type-post","status-publish","format-standard","has-post-thumbnail","hentry","category-gobierno"],"_links":{"self":[{"href":"http:\/\/elurbanoweb.com.ar\/diario\/wp-json\/wp\/v2\/posts\/68420","targetHints":{"allow":["GET"]}}],"collection":[{"href":"http:\/\/elurbanoweb.com.ar\/diario\/wp-json\/wp\/v2\/posts"}],"about":[{"href":"http:\/\/elurbanoweb.com.ar\/diario\/wp-json\/wp\/v2\/types\/post"}],"author":[{"embeddable":true,"href":"http:\/\/elurbanoweb.com.ar\/diario\/wp-json\/wp\/v2\/users\/1"}],"replies":[{"embeddable":true,"href":"http:\/\/elurbanoweb.com.ar\/diario\/wp-json\/wp\/v2\/comments?post=68420"}],"version-history":[{"count":1,"href":"http:\/\/elurbanoweb.com.ar\/diario\/wp-json\/wp\/v2\/posts\/68420\/revisions"}],"predecessor-version":[{"id":68422,"href":"http:\/\/elurbanoweb.com.ar\/diario\/wp-json\/wp\/v2\/posts\/68420\/revisions\/68422"}],"wp:featuredmedia":[{"embeddable":true,"href":"http:\/\/elurbanoweb.com.ar\/diario\/wp-json\/wp\/v2\/media\/68421"}],"wp:attachment":[{"href":"http:\/\/elurbanoweb.com.ar\/diario\/wp-json\/wp\/v2\/media?parent=68420"}],"wp:term":[{"taxonomy":"category","embeddable":true,"href":"http:\/\/elurbanoweb.com.ar\/diario\/wp-json\/wp\/v2\/categories?post=68420"},{"taxonomy":"post_tag","embeddable":true,"href":"http:\/\/elurbanoweb.com.ar\/diario\/wp-json\/wp\/v2\/tags?post=68420"}],"curies":[{"name":"wp","href":"https:\/\/api.w.org\/{rel}","templated":true}]}}