{"id":68425,"date":"2026-04-02T13:30:01","date_gmt":"2026-04-02T16:30:01","guid":{"rendered":"https:\/\/elurbanoweb.com.ar\/diario\/?p=68425"},"modified":"2026-04-02T13:30:01","modified_gmt":"2026-04-02T16:30:01","slug":"clodomira-homenajeo-a-los-veteranos-de-malvinas-a-44-anos-del-conflicto","status":"publish","type":"post","link":"http:\/\/elurbanoweb.com.ar\/diario\/clodomira-homenajeo-a-los-veteranos-de-malvinas-a-44-anos-del-conflicto\/","title":{"rendered":"Clodomira homenaje\u00f3 a los veteranos de Malvinas a 44 a\u00f1os del conflicto"},"content":{"rendered":"<p>El acto se realiz\u00f3 en la Plaza Malvinas Argentinas con la participaci\u00f3n de autoridades, instituciones educativas y vecinos de la comunidad.<\/p>\n<p><img loading=\"lazy\" decoding=\"async\" class=\"alignnone wp-image-68426 size-full\" src=\"http:\/\/elurbanoweb.com.ar\/diario\/wp-content\/uploads\/2026\/04\/heroes1.jpg\" alt=\"\" width=\"1010\" height=\"567\" srcset=\"http:\/\/elurbanoweb.com.ar\/diario\/wp-content\/uploads\/2026\/04\/heroes1.jpg 1010w, http:\/\/elurbanoweb.com.ar\/diario\/wp-content\/uploads\/2026\/04\/heroes1-300x168.jpg 300w, http:\/\/elurbanoweb.com.ar\/diario\/wp-content\/uploads\/2026\/04\/heroes1-150x84.jpg 150w\" sizes=\"auto, (max-width: 1010px) 100vw, 1010px\" \/><\/p>\n<p><!--more--><\/p>\n<p>La comunidad de Clodomira rindi\u00f3 homenaje a los veteranos de la Guerra de Malvinas, en el marco del 44\u00b0 aniversario del desembarco argentino en las islas del Atl\u00e1ntico Sur.<\/p>\n<p>El intendente Daniel Ruiz particip\u00f3 del acto realizado en la Plaza Malvinas Argentinas, organizado en conjunto con los Jardines de Infantes Municipales \u201cMis Pimpollos\u201d y \u201cMundo Feliz\u201d. Durante la ceremonia se record\u00f3 a los h\u00e9roes locales ca\u00eddos en combate y a quienes regresaron, destacando su compromiso con la defensa de la soberan\u00eda argentina.<\/p>\n<p>El jefe comunal estuvo acompa\u00f1ado por la presidente del Concejo Deliberante, Susana Toloza, concejales, integrantes del gabinete municipal, adem\u00e1s de vecinos, autoridades educativas y familiares de ex combatientes.<\/p>\n<p>En el desarrollo del acto se realizaron ofrendas florales en memoria de los soldados fallecidos, tanto durante el conflicto como en los a\u00f1os posteriores.<\/p>\n<p>Asimismo, los ni\u00f1os de los jardines participaron con una dramatizaci\u00f3n alusiva, junto a sus docentes, y realizaron una suelta de globos en homenaje a los h\u00e9roes argentinos.<\/p>\n<p>Durante la conmemoraci\u00f3n fueron recordados los ex combatientes Antonio Garc\u00eda, Miguel Horacio Lescano, Miguel \u00c1ngel Reinoso, Alberto El\u00edas Bravo, Ricardo Maguna y Mario Ib\u00e1\u00f1ez.<\/p>\n","protected":false},"excerpt":{"rendered":"<p>El acto se realiz\u00f3 en la Plaza Malvinas Argentinas con la participaci\u00f3n de autoridades, instituciones educativas y vecinos de la comunidad.<\/p>\n","protected":false},"author":1,"featured_media":68426,"comment_status":"closed","ping_status":"closed","sticky":false,"template":"","format":"standard","meta":{"footnotes":""},"categories":[10],"tags":[],"class_list":["post-68425","post","type-post","status-publish","format-standard","has-post-thumbnail","hentry","category-interior"],"_links":{"self":[{"href":"http:\/\/elurbanoweb.com.ar\/diario\/wp-json\/wp\/v2\/posts\/68425","targetHints":{"allow":["GET"]}}],"collection":[{"href":"http:\/\/elurbanoweb.com.ar\/diario\/wp-json\/wp\/v2\/posts"}],"about":[{"href":"http:\/\/elurbanoweb.com.ar\/diario\/wp-json\/wp\/v2\/types\/post"}],"author":[{"embeddable":true,"href":"http:\/\/elurbanoweb.com.ar\/diario\/wp-json\/wp\/v2\/users\/1"}],"replies":[{"embeddable":true,"href":"http:\/\/elurbanoweb.com.ar\/diario\/wp-json\/wp\/v2\/comments?post=68425"}],"version-history":[{"count":1,"href":"http:\/\/elurbanoweb.com.ar\/diario\/wp-json\/wp\/v2\/posts\/68425\/revisions"}],"predecessor-version":[{"id":68427,"href":"http:\/\/elurbanoweb.com.ar\/diario\/wp-json\/wp\/v2\/posts\/68425\/revisions\/68427"}],"wp:featuredmedia":[{"embeddable":true,"href":"http:\/\/elurbanoweb.com.ar\/diario\/wp-json\/wp\/v2\/media\/68426"}],"wp:attachment":[{"href":"http:\/\/elurbanoweb.com.ar\/diario\/wp-json\/wp\/v2\/media?parent=68425"}],"wp:term":[{"taxonomy":"category","embeddable":true,"href":"http:\/\/elurbanoweb.com.ar\/diario\/wp-json\/wp\/v2\/categories?post=68425"},{"taxonomy":"post_tag","embeddable":true,"href":"http:\/\/elurbanoweb.com.ar\/diario\/wp-json\/wp\/v2\/tags?post=68425"}],"curies":[{"name":"wp","href":"https:\/\/api.w.org\/{rel}","templated":true}]}}