{"id":68477,"date":"2026-04-04T10:39:21","date_gmt":"2026-04-04T13:39:21","guid":{"rendered":"https:\/\/elurbanoweb.com.ar\/diario\/?p=68477"},"modified":"2026-04-04T10:39:21","modified_gmt":"2026-04-04T13:39:21","slug":"la-municipalidad-auspicia-talleres-de-violin-y-guitarra-para-ninos-y-ninas","status":"publish","type":"post","link":"http:\/\/elurbanoweb.com.ar\/diario\/la-municipalidad-auspicia-talleres-de-violin-y-guitarra-para-ninos-y-ninas\/","title":{"rendered":"La Municipalidad auspicia talleres de viol\u00edn y guitarra para ni\u00f1os y ni\u00f1as"},"content":{"rendered":"<p>La Municipalidad de La Banda, a trav\u00e9s de la Direcci\u00f3n de Cultura, informa que se encuentran abiertas las inscripciones para el Taller de Viol\u00edn y Guitarra, destinado a ni\u00f1os y ni\u00f1as a partir de los 7 a\u00f1os, bajo modalidad grupal.<\/p>\n<p><img loading=\"lazy\" decoding=\"async\" class=\"alignnone wp-image-68478 size-full\" src=\"http:\/\/elurbanoweb.com.ar\/diario\/wp-content\/uploads\/2026\/04\/guillatarra.jpg\" alt=\"\" width=\"1010\" height=\"567\" srcset=\"http:\/\/elurbanoweb.com.ar\/diario\/wp-content\/uploads\/2026\/04\/guillatarra.jpg 1010w, http:\/\/elurbanoweb.com.ar\/diario\/wp-content\/uploads\/2026\/04\/guillatarra-300x168.jpg 300w, http:\/\/elurbanoweb.com.ar\/diario\/wp-content\/uploads\/2026\/04\/guillatarra-150x84.jpg 150w\" sizes=\"auto, (max-width: 1010px) 100vw, 1010px\" \/><\/p>\n<p><!--more--><\/p>\n<p>En este espacio se trabajan los conocimientos t\u00e9cnicos b\u00e1sicos de cada instrumento, mediante un enfoque pr\u00e1ctico basado en un repertorio de m\u00fasica popular. La propuesta apunta a fortalecer el aprendizaje a trav\u00e9s de la pr\u00e1ctica, donde cada alumno desarrolla su repertorio teniendo en cuenta la t\u00e9cnica, permitiendo posteriormente la conformaci\u00f3n de orquestaciones conjuntas entre ambos talleres.<\/p>\n<p>Los talleres se dictan en la Direcci\u00f3n de Cultura, sito en Irigoyen 235 los d\u00edas lunes y mi\u00e9rcoles, en sus respectivos horarios a cargo del profesor Sebasti\u00e1n Pereyra.<\/p>\n<p>Por informes e inscripciones, los interesados pueden comunicarse al 3856 987198.<\/p>\n<p>Esta iniciativa cuenta con el auspicio de la Municipalidad de La Banda, reafirmando su compromiso con la promoci\u00f3n cultural y la formaci\u00f3n art\u00edstica en la comunidad.<\/p>\n","protected":false},"excerpt":{"rendered":"<p>La Municipalidad de La Banda, a trav\u00e9s de la Direcci\u00f3n de Cultura, informa que se encuentran abiertas las inscripciones para el Taller de Viol\u00edn y Guitarra, destinado a ni\u00f1os y&hellip; <\/p>\n","protected":false},"author":1,"featured_media":68478,"comment_status":"closed","ping_status":"closed","sticky":false,"template":"","format":"standard","meta":{"footnotes":""},"categories":[9],"tags":[],"class_list":["post-68477","post","type-post","status-publish","format-standard","has-post-thumbnail","hentry","category-la-banda"],"_links":{"self":[{"href":"http:\/\/elurbanoweb.com.ar\/diario\/wp-json\/wp\/v2\/posts\/68477","targetHints":{"allow":["GET"]}}],"collection":[{"href":"http:\/\/elurbanoweb.com.ar\/diario\/wp-json\/wp\/v2\/posts"}],"about":[{"href":"http:\/\/elurbanoweb.com.ar\/diario\/wp-json\/wp\/v2\/types\/post"}],"author":[{"embeddable":true,"href":"http:\/\/elurbanoweb.com.ar\/diario\/wp-json\/wp\/v2\/users\/1"}],"replies":[{"embeddable":true,"href":"http:\/\/elurbanoweb.com.ar\/diario\/wp-json\/wp\/v2\/comments?post=68477"}],"version-history":[{"count":1,"href":"http:\/\/elurbanoweb.com.ar\/diario\/wp-json\/wp\/v2\/posts\/68477\/revisions"}],"predecessor-version":[{"id":68479,"href":"http:\/\/elurbanoweb.com.ar\/diario\/wp-json\/wp\/v2\/posts\/68477\/revisions\/68479"}],"wp:featuredmedia":[{"embeddable":true,"href":"http:\/\/elurbanoweb.com.ar\/diario\/wp-json\/wp\/v2\/media\/68478"}],"wp:attachment":[{"href":"http:\/\/elurbanoweb.com.ar\/diario\/wp-json\/wp\/v2\/media?parent=68477"}],"wp:term":[{"taxonomy":"category","embeddable":true,"href":"http:\/\/elurbanoweb.com.ar\/diario\/wp-json\/wp\/v2\/categories?post=68477"},{"taxonomy":"post_tag","embeddable":true,"href":"http:\/\/elurbanoweb.com.ar\/diario\/wp-json\/wp\/v2\/tags?post=68477"}],"curies":[{"name":"wp","href":"https:\/\/api.w.org\/{rel}","templated":true}]}}