{"id":68486,"date":"2026-04-04T10:44:18","date_gmt":"2026-04-04T13:44:18","guid":{"rendered":"https:\/\/elurbanoweb.com.ar\/diario\/?p=68486"},"modified":"2026-04-04T10:44:18","modified_gmt":"2026-04-04T13:44:18","slug":"la-municipalidad-completo-su-cronograma-de-fumigaciones-con-tareas-durante-los-dias-feriados-de-esta-semana","status":"publish","type":"post","link":"http:\/\/elurbanoweb.com.ar\/diario\/la-municipalidad-completo-su-cronograma-de-fumigaciones-con-tareas-durante-los-dias-feriados-de-esta-semana\/","title":{"rendered":"La Municipalidad complet\u00f3 su cronograma de fumigaciones con tareas durante los d\u00edas feriados de esta semana"},"content":{"rendered":"<p>La Direcci\u00f3n de Calidad de Vida de la Municipalidad de la Capital concret\u00f3 otra semana de fumigaciones contra mosquitos en diversos barrios de la ciudad.<\/p>\n<p><img loading=\"lazy\" decoding=\"async\" class=\"alignnone wp-image-68487 size-full\" src=\"http:\/\/elurbanoweb.com.ar\/diario\/wp-content\/uploads\/2026\/04\/exito15.jpg\" alt=\"\" width=\"858\" height=\"558\" srcset=\"http:\/\/elurbanoweb.com.ar\/diario\/wp-content\/uploads\/2026\/04\/exito15.jpg 858w, http:\/\/elurbanoweb.com.ar\/diario\/wp-content\/uploads\/2026\/04\/exito15-300x195.jpg 300w, http:\/\/elurbanoweb.com.ar\/diario\/wp-content\/uploads\/2026\/04\/exito15-150x98.jpg 150w\" sizes=\"auto, (max-width: 858px) 100vw, 858px\" \/><\/p>\n<p><!--more--> Los equipos recorrieron los barrios tambi\u00e9n durante el jueves feriado del 2 de Abril y del viernes Santo para cumplir con el cronograma preventivo establecido.<\/p>\n<p>Los trabajos se realizan los d\u00edas h\u00e1biles en los turnos de la ma\u00f1ana y de la tarde alcanzando todos los barrios.<\/p>\n","protected":false},"excerpt":{"rendered":"<p>La Direcci\u00f3n de Calidad de Vida de la Municipalidad de la Capital concret\u00f3 otra semana de fumigaciones contra mosquitos en diversos barrios de la ciudad.<\/p>\n","protected":false},"author":1,"featured_media":68487,"comment_status":"closed","ping_status":"closed","sticky":false,"template":"","format":"standard","meta":{"footnotes":""},"categories":[3],"tags":[],"class_list":["post-68486","post","type-post","status-publish","format-standard","has-post-thumbnail","hentry","category-municipio"],"_links":{"self":[{"href":"http:\/\/elurbanoweb.com.ar\/diario\/wp-json\/wp\/v2\/posts\/68486","targetHints":{"allow":["GET"]}}],"collection":[{"href":"http:\/\/elurbanoweb.com.ar\/diario\/wp-json\/wp\/v2\/posts"}],"about":[{"href":"http:\/\/elurbanoweb.com.ar\/diario\/wp-json\/wp\/v2\/types\/post"}],"author":[{"embeddable":true,"href":"http:\/\/elurbanoweb.com.ar\/diario\/wp-json\/wp\/v2\/users\/1"}],"replies":[{"embeddable":true,"href":"http:\/\/elurbanoweb.com.ar\/diario\/wp-json\/wp\/v2\/comments?post=68486"}],"version-history":[{"count":1,"href":"http:\/\/elurbanoweb.com.ar\/diario\/wp-json\/wp\/v2\/posts\/68486\/revisions"}],"predecessor-version":[{"id":68488,"href":"http:\/\/elurbanoweb.com.ar\/diario\/wp-json\/wp\/v2\/posts\/68486\/revisions\/68488"}],"wp:featuredmedia":[{"embeddable":true,"href":"http:\/\/elurbanoweb.com.ar\/diario\/wp-json\/wp\/v2\/media\/68487"}],"wp:attachment":[{"href":"http:\/\/elurbanoweb.com.ar\/diario\/wp-json\/wp\/v2\/media?parent=68486"}],"wp:term":[{"taxonomy":"category","embeddable":true,"href":"http:\/\/elurbanoweb.com.ar\/diario\/wp-json\/wp\/v2\/categories?post=68486"},{"taxonomy":"post_tag","embeddable":true,"href":"http:\/\/elurbanoweb.com.ar\/diario\/wp-json\/wp\/v2\/tags?post=68486"}],"curies":[{"name":"wp","href":"https:\/\/api.w.org\/{rel}","templated":true}]}}