{"id":68489,"date":"2026-04-04T10:46:16","date_gmt":"2026-04-04T13:46:16","guid":{"rendered":"https:\/\/elurbanoweb.com.ar\/diario\/?p=68489"},"modified":"2026-04-04T10:46:16","modified_gmt":"2026-04-04T13:46:16","slug":"pampa-de-los-guanacos-inauguro-la-plaza-2-de-abril-en-homenaje-a-los-heroes-de-malvinas","status":"publish","type":"post","link":"http:\/\/elurbanoweb.com.ar\/diario\/pampa-de-los-guanacos-inauguro-la-plaza-2-de-abril-en-homenaje-a-los-heroes-de-malvinas\/","title":{"rendered":"Pampa de los Guanacos inaugur\u00f3 la Plaza \u201c2 de Abril\u201d en homenaje a los h\u00e9roes de Malvinas"},"content":{"rendered":"<p>En el marco del D\u00eda del Veterano y de los Ca\u00eddos en la Guerra de Malvinas, la Municipalidad de Pampa de los Guanacos dej\u00f3 inaugurada la Plaza \u201c2 de Abril\u201d, un nuevo espacio p\u00fablico que simboliza la memoria, el reconocimiento y el homenaje permanente a los h\u00e9roes de la patria.<\/p>\n<p><img loading=\"lazy\" decoding=\"async\" class=\"alignnone wp-image-68490 size-large\" src=\"http:\/\/elurbanoweb.com.ar\/diario\/wp-content\/uploads\/2026\/04\/toqueten-1024x819.jpeg\" alt=\"\" width=\"1024\" height=\"819\" srcset=\"http:\/\/elurbanoweb.com.ar\/diario\/wp-content\/uploads\/2026\/04\/toqueten-1024x819.jpeg 1024w, http:\/\/elurbanoweb.com.ar\/diario\/wp-content\/uploads\/2026\/04\/toqueten-300x240.jpeg 300w, http:\/\/elurbanoweb.com.ar\/diario\/wp-content\/uploads\/2026\/04\/toqueten-150x120.jpeg 150w, http:\/\/elurbanoweb.com.ar\/diario\/wp-content\/uploads\/2026\/04\/toqueten-1536x1229.jpeg 1536w, http:\/\/elurbanoweb.com.ar\/diario\/wp-content\/uploads\/2026\/04\/toqueten.jpeg 2048w\" sizes=\"auto, (max-width: 1024px) 100vw, 1024px\" \/><\/p>\n<p><!--more--><\/p>\n<p>La intendenta Mar\u00eda Ferreyra encabez\u00f3 las actividades conmemorativas, reafirmando el compromiso de su gesti\u00f3n con la historia, la identidad y el respeto hacia quienes defendieron la soberan\u00eda nacional. En ese sentido, destac\u00f3 la importancia de generar espacios que fortalezcan la memoria colectiva y el sentido de pertenencia de la comunidad.<\/p>\n<p>El acto cont\u00f3 con la participaci\u00f3n de vecinos, instituciones y autoridades locales, junto a comisionados municipales de parajes cercanos, quienes acompa\u00f1aron este significativo momento.<\/p>\n<p>Durante la ceremonia se entregaron reconocimientos a los veteranos Alberto Oscar Montenegro, Jos\u00e9 Ricardo Cabezas, Marcelo Nicol\u00e1s C\u00f3rdoba y Carlos Yamil Taboada. Tambi\u00e9n fueron distinguidos los Soldados movilizados, y se rindi\u00f3 homenaje a Oscar Herminio Correa y Oscar Ruiz, recordados con profundo respeto por toda la comunidad.<\/p>\n<p>Asimismo, en la ma\u00f1ana de hoy a las 8:30 se realiz\u00f3 el izamiento de la bandera nacional en la plaza, con la participaci\u00f3n de la intendenta junto al excombatiente Alberto Montenegro, en un emotivo acto que reafirm\u00f3 el compromiso con la causa Malvinas.<\/p>\n","protected":false},"excerpt":{"rendered":"<p>En el marco del D\u00eda del Veterano y de los Ca\u00eddos en la Guerra de Malvinas, la Municipalidad de Pampa de los Guanacos dej\u00f3 inaugurada la Plaza \u201c2 de Abril\u201d,&hellip; <\/p>\n","protected":false},"author":1,"featured_media":68490,"comment_status":"closed","ping_status":"closed","sticky":false,"template":"","format":"standard","meta":{"footnotes":""},"categories":[10],"tags":[],"class_list":["post-68489","post","type-post","status-publish","format-standard","has-post-thumbnail","hentry","category-interior"],"_links":{"self":[{"href":"http:\/\/elurbanoweb.com.ar\/diario\/wp-json\/wp\/v2\/posts\/68489","targetHints":{"allow":["GET"]}}],"collection":[{"href":"http:\/\/elurbanoweb.com.ar\/diario\/wp-json\/wp\/v2\/posts"}],"about":[{"href":"http:\/\/elurbanoweb.com.ar\/diario\/wp-json\/wp\/v2\/types\/post"}],"author":[{"embeddable":true,"href":"http:\/\/elurbanoweb.com.ar\/diario\/wp-json\/wp\/v2\/users\/1"}],"replies":[{"embeddable":true,"href":"http:\/\/elurbanoweb.com.ar\/diario\/wp-json\/wp\/v2\/comments?post=68489"}],"version-history":[{"count":1,"href":"http:\/\/elurbanoweb.com.ar\/diario\/wp-json\/wp\/v2\/posts\/68489\/revisions"}],"predecessor-version":[{"id":68491,"href":"http:\/\/elurbanoweb.com.ar\/diario\/wp-json\/wp\/v2\/posts\/68489\/revisions\/68491"}],"wp:featuredmedia":[{"embeddable":true,"href":"http:\/\/elurbanoweb.com.ar\/diario\/wp-json\/wp\/v2\/media\/68490"}],"wp:attachment":[{"href":"http:\/\/elurbanoweb.com.ar\/diario\/wp-json\/wp\/v2\/media?parent=68489"}],"wp:term":[{"taxonomy":"category","embeddable":true,"href":"http:\/\/elurbanoweb.com.ar\/diario\/wp-json\/wp\/v2\/categories?post=68489"},{"taxonomy":"post_tag","embeddable":true,"href":"http:\/\/elurbanoweb.com.ar\/diario\/wp-json\/wp\/v2\/tags?post=68489"}],"curies":[{"name":"wp","href":"https:\/\/api.w.org\/{rel}","templated":true}]}}