{"id":68492,"date":"2026-04-04T10:49:44","date_gmt":"2026-04-04T13:49:44","guid":{"rendered":"https:\/\/elurbanoweb.com.ar\/diario\/?p=68492"},"modified":"2026-04-04T10:49:44","modified_gmt":"2026-04-04T13:49:44","slug":"fin-de-semana-largo-en-las-termas-el-museo-del-automovil-tuvo-miles-de-visitantes","status":"publish","type":"post","link":"http:\/\/elurbanoweb.com.ar\/diario\/fin-de-semana-largo-en-las-termas-el-museo-del-automovil-tuvo-miles-de-visitantes\/","title":{"rendered":"Fin de semana largo en Las Termas: el museo del Autom\u00f3vil tuvo miles de visitantes"},"content":{"rendered":"<p>La ciudad de Termas de R\u00edo Hondo registr\u00f3 un intenso movimiento tur\u00edstico durante el fin de semana largo, con la llegada de miles de visitantes provenientes de distintos puntos del pa\u00eds.<\/p>\n<p><img loading=\"lazy\" decoding=\"async\" class=\"alignnone wp-image-68493 size-full\" src=\"http:\/\/elurbanoweb.com.ar\/diario\/wp-content\/uploads\/2026\/04\/museo.jpg\" alt=\"\" width=\"1010\" height=\"567\" srcset=\"http:\/\/elurbanoweb.com.ar\/diario\/wp-content\/uploads\/2026\/04\/museo.jpg 1010w, http:\/\/elurbanoweb.com.ar\/diario\/wp-content\/uploads\/2026\/04\/museo-300x168.jpg 300w, http:\/\/elurbanoweb.com.ar\/diario\/wp-content\/uploads\/2026\/04\/museo-150x84.jpg 150w\" sizes=\"auto, (max-width: 1010px) 100vw, 1010px\" \/><\/p>\n<p><!--more--><\/p>\n<p>Hoteles, restaurantes y espacios recreativos mostraron una marcada actividad, consolidando a la \u201cCiudad Spa\u201d como uno de los destinos m\u00e1s elegidos del norte argentino.<\/p>\n<p>Uno de los principales atractivos fue el Museo del Autom\u00f3vil de Termas de R\u00edo Hondo, emplazado en el predio del Aut\u00f3dromo Internacional, que convoc\u00f3 a una gran cantidad de turistas apasionados por el deporte motor.<\/p>\n<p>All\u00ed, los visitantes pudieron recorrer la historia del automovilismo a trav\u00e9s de piezas \u00fanicas y exhibiciones que captaron el inter\u00e9s de grandes y chicos.<\/p>\n","protected":false},"excerpt":{"rendered":"<p>La ciudad de Termas de R\u00edo Hondo registr\u00f3 un intenso movimiento tur\u00edstico durante el fin de semana largo, con la llegada de miles de visitantes provenientes de distintos puntos del&hellip; <\/p>\n","protected":false},"author":1,"featured_media":68493,"comment_status":"closed","ping_status":"closed","sticky":false,"template":"","format":"standard","meta":{"footnotes":""},"categories":[16],"tags":[],"class_list":["post-68492","post","type-post","status-publish","format-standard","has-post-thumbnail","hentry","category-locales"],"_links":{"self":[{"href":"http:\/\/elurbanoweb.com.ar\/diario\/wp-json\/wp\/v2\/posts\/68492","targetHints":{"allow":["GET"]}}],"collection":[{"href":"http:\/\/elurbanoweb.com.ar\/diario\/wp-json\/wp\/v2\/posts"}],"about":[{"href":"http:\/\/elurbanoweb.com.ar\/diario\/wp-json\/wp\/v2\/types\/post"}],"author":[{"embeddable":true,"href":"http:\/\/elurbanoweb.com.ar\/diario\/wp-json\/wp\/v2\/users\/1"}],"replies":[{"embeddable":true,"href":"http:\/\/elurbanoweb.com.ar\/diario\/wp-json\/wp\/v2\/comments?post=68492"}],"version-history":[{"count":1,"href":"http:\/\/elurbanoweb.com.ar\/diario\/wp-json\/wp\/v2\/posts\/68492\/revisions"}],"predecessor-version":[{"id":68494,"href":"http:\/\/elurbanoweb.com.ar\/diario\/wp-json\/wp\/v2\/posts\/68492\/revisions\/68494"}],"wp:featuredmedia":[{"embeddable":true,"href":"http:\/\/elurbanoweb.com.ar\/diario\/wp-json\/wp\/v2\/media\/68493"}],"wp:attachment":[{"href":"http:\/\/elurbanoweb.com.ar\/diario\/wp-json\/wp\/v2\/media?parent=68492"}],"wp:term":[{"taxonomy":"category","embeddable":true,"href":"http:\/\/elurbanoweb.com.ar\/diario\/wp-json\/wp\/v2\/categories?post=68492"},{"taxonomy":"post_tag","embeddable":true,"href":"http:\/\/elurbanoweb.com.ar\/diario\/wp-json\/wp\/v2\/tags?post=68492"}],"curies":[{"name":"wp","href":"https:\/\/api.w.org\/{rel}","templated":true}]}}