{"id":68504,"date":"2026-04-04T13:47:05","date_gmt":"2026-04-04T16:47:05","guid":{"rendered":"https:\/\/elurbanoweb.com.ar\/diario\/?p=68504"},"modified":"2026-04-04T13:47:05","modified_gmt":"2026-04-04T16:47:05","slug":"personal-de-patrimonio-acudio-al-rescate-de-las-piezas-arqueologicas-halladas-en-los-mistoles","status":"publish","type":"post","link":"http:\/\/elurbanoweb.com.ar\/diario\/personal-de-patrimonio-acudio-al-rescate-de-las-piezas-arqueologicas-halladas-en-los-mistoles\/","title":{"rendered":"Personal de Patrimonio acudi\u00f3 al rescate de las piezas arqueol\u00f3gicas halladas en Los Mistoles"},"content":{"rendered":"<p>Los restos arqueol\u00f3gicos hallados semanas atr\u00e1s en Salavina ya est\u00e1n resguardados. Profesionales de la Direcci\u00f3n General de Patrimonio Cultural de la provincia arribaron a la localidad de Los Mistoles, donde los vecinos hab\u00edan encontrado la piezas durante la construcci\u00f3n de un bordo para contener la crecida del r\u00edo.<\/p>\n<p><img loading=\"lazy\" decoding=\"async\" class=\"alignnone wp-image-68505 size-large\" src=\"http:\/\/elurbanoweb.com.ar\/diario\/wp-content\/uploads\/2026\/04\/mistoles-1024x1024.jpg\" alt=\"\" width=\"1024\" height=\"1024\" srcset=\"http:\/\/elurbanoweb.com.ar\/diario\/wp-content\/uploads\/2026\/04\/mistoles-1024x1024.jpg 1024w, http:\/\/elurbanoweb.com.ar\/diario\/wp-content\/uploads\/2026\/04\/mistoles-300x300.jpg 300w, http:\/\/elurbanoweb.com.ar\/diario\/wp-content\/uploads\/2026\/04\/mistoles-150x150.jpg 150w, http:\/\/elurbanoweb.com.ar\/diario\/wp-content\/uploads\/2026\/04\/mistoles.jpg 1440w\" sizes=\"auto, (max-width: 1024px) 100vw, 1024px\" \/><\/p>\n<p><!--more--><\/p>\n<p>Seg\u00fan precisaron a trav\u00e9s de las redes sociales, la visita y recolecci\u00f3n del material a estudiar, se concret\u00f3 durante \u201cesta semana\u201d a pocos kil\u00f3metros de la hist\u00f3rica Villa de Salavina. El equipo fue coordinado por la Antrop\u00f3loga Anal\u00eda Sbatella y cont\u00f3 con el acompa\u00f1amiento de la Polic\u00eda de la provincia.<\/p>\n<p>El hallazgo de los restos sali\u00f3 a la luz a trav\u00e9s de las redes sociales, cuando los vecinos compartieron un video en el mostraban las piezas. Ellos se hab\u00edan dispuesto a levantar un muro de contenci\u00f3n para el agua que llegaba en abundancia y amenazaba con inundar la zona.<\/p>\n","protected":false},"excerpt":{"rendered":"<p>Los restos arqueol\u00f3gicos hallados semanas atr\u00e1s en Salavina ya est\u00e1n resguardados. Profesionales de la Direcci\u00f3n General de Patrimonio Cultural de la provincia arribaron a la localidad de Los Mistoles, donde&hellip; <\/p>\n","protected":false},"author":1,"featured_media":68505,"comment_status":"closed","ping_status":"closed","sticky":false,"template":"","format":"standard","meta":{"footnotes":""},"categories":[10],"tags":[],"class_list":["post-68504","post","type-post","status-publish","format-standard","has-post-thumbnail","hentry","category-interior"],"_links":{"self":[{"href":"http:\/\/elurbanoweb.com.ar\/diario\/wp-json\/wp\/v2\/posts\/68504","targetHints":{"allow":["GET"]}}],"collection":[{"href":"http:\/\/elurbanoweb.com.ar\/diario\/wp-json\/wp\/v2\/posts"}],"about":[{"href":"http:\/\/elurbanoweb.com.ar\/diario\/wp-json\/wp\/v2\/types\/post"}],"author":[{"embeddable":true,"href":"http:\/\/elurbanoweb.com.ar\/diario\/wp-json\/wp\/v2\/users\/1"}],"replies":[{"embeddable":true,"href":"http:\/\/elurbanoweb.com.ar\/diario\/wp-json\/wp\/v2\/comments?post=68504"}],"version-history":[{"count":1,"href":"http:\/\/elurbanoweb.com.ar\/diario\/wp-json\/wp\/v2\/posts\/68504\/revisions"}],"predecessor-version":[{"id":68506,"href":"http:\/\/elurbanoweb.com.ar\/diario\/wp-json\/wp\/v2\/posts\/68504\/revisions\/68506"}],"wp:featuredmedia":[{"embeddable":true,"href":"http:\/\/elurbanoweb.com.ar\/diario\/wp-json\/wp\/v2\/media\/68505"}],"wp:attachment":[{"href":"http:\/\/elurbanoweb.com.ar\/diario\/wp-json\/wp\/v2\/media?parent=68504"}],"wp:term":[{"taxonomy":"category","embeddable":true,"href":"http:\/\/elurbanoweb.com.ar\/diario\/wp-json\/wp\/v2\/categories?post=68504"},{"taxonomy":"post_tag","embeddable":true,"href":"http:\/\/elurbanoweb.com.ar\/diario\/wp-json\/wp\/v2\/tags?post=68504"}],"curies":[{"name":"wp","href":"https:\/\/api.w.org\/{rel}","templated":true}]}}