{"id":68639,"date":"2026-04-08T10:44:23","date_gmt":"2026-04-08T13:44:23","guid":{"rendered":"https:\/\/elurbanoweb.com.ar\/diario\/?p=68639"},"modified":"2026-04-08T10:44:23","modified_gmt":"2026-04-08T13:44:23","slug":"la-intendente-fuentes-participo-de-la-disertacion-sobre-gestion-de-residuos-solidos-urbanos","status":"publish","type":"post","link":"http:\/\/elurbanoweb.com.ar\/diario\/la-intendente-fuentes-participo-de-la-disertacion-sobre-gestion-de-residuos-solidos-urbanos\/","title":{"rendered":"La intendente Fuentes particip\u00f3 de la disertaci\u00f3n sobre gesti\u00f3n de residuos s\u00f3lidos urbanos"},"content":{"rendered":"<p>La intendente, Ing. Norma Fuentes, asisti\u00f3 a una disertaci\u00f3n sobre gesti\u00f3n de residuos s\u00f3lidos urbanos, organizada por el Ministerio de Producci\u00f3n, la Subsecretar\u00eda de Medio Ambiente y la UNSE.<\/p>\n<p><img loading=\"lazy\" decoding=\"async\" class=\"alignnone wp-image-68640 size-large\" src=\"http:\/\/elurbanoweb.com.ar\/diario\/wp-content\/uploads\/2026\/04\/gestion4-1024x683.jpg\" alt=\"\" width=\"1024\" height=\"683\" srcset=\"http:\/\/elurbanoweb.com.ar\/diario\/wp-content\/uploads\/2026\/04\/gestion4-1024x683.jpg 1024w, http:\/\/elurbanoweb.com.ar\/diario\/wp-content\/uploads\/2026\/04\/gestion4-300x200.jpg 300w, http:\/\/elurbanoweb.com.ar\/diario\/wp-content\/uploads\/2026\/04\/gestion4-150x100.jpg 150w, http:\/\/elurbanoweb.com.ar\/diario\/wp-content\/uploads\/2026\/04\/gestion4.jpg 1392w\" sizes=\"auto, (max-width: 1024px) 100vw, 1024px\" \/><\/p>\n<p><!--more--> Dictada por el especialista, Horacio Ibarra, la actividad cont\u00f3 con la presencia de intendentes, comisionados municipales y representantes de diversas organizaciones intermedias.<\/p>\n<p>Tambi\u00e9n participaron el ministro de la Producci\u00f3n, N\u00e9stor Machado; el subsecretario de Medio Ambiente, Pablo Fuentes y el rector de la UNSE, Marcelino Ledesma; entre otras autoridades.<\/p>\n<p>La jefa comunal estuvo acompa\u00f1ada por funcionarios y responsables del \u00e1rea de Servicios P\u00fablicos, adem\u00e1s de los titulares de los centros operativos encargados de la recolecci\u00f3n de residuos.<\/p>\n<p>El encuentro sirvi\u00f3 para consolidar estrategias conjuntas y avanzar en la reducci\u00f3n de la generaci\u00f3n de residuos, as\u00ed como en el fortalecimiento de los sistemas de recolecci\u00f3n y tratamiento.<\/p>\n<p>Adem\u00e1s, se destac\u00f3 la importancia de profundizar la educaci\u00f3n ambiental y la participaci\u00f3n ciudadana como herramientas fundamentales para lograr cambios duraderos.<\/p>\n","protected":false},"excerpt":{"rendered":"<p>La intendente, Ing. Norma Fuentes, asisti\u00f3 a una disertaci\u00f3n sobre gesti\u00f3n de residuos s\u00f3lidos urbanos, organizada por el Ministerio de Producci\u00f3n, la Subsecretar\u00eda de Medio Ambiente y la UNSE.<\/p>\n","protected":false},"author":1,"featured_media":68640,"comment_status":"closed","ping_status":"closed","sticky":false,"template":"","format":"standard","meta":{"footnotes":""},"categories":[3],"tags":[],"class_list":["post-68639","post","type-post","status-publish","format-standard","has-post-thumbnail","hentry","category-municipio"],"_links":{"self":[{"href":"http:\/\/elurbanoweb.com.ar\/diario\/wp-json\/wp\/v2\/posts\/68639","targetHints":{"allow":["GET"]}}],"collection":[{"href":"http:\/\/elurbanoweb.com.ar\/diario\/wp-json\/wp\/v2\/posts"}],"about":[{"href":"http:\/\/elurbanoweb.com.ar\/diario\/wp-json\/wp\/v2\/types\/post"}],"author":[{"embeddable":true,"href":"http:\/\/elurbanoweb.com.ar\/diario\/wp-json\/wp\/v2\/users\/1"}],"replies":[{"embeddable":true,"href":"http:\/\/elurbanoweb.com.ar\/diario\/wp-json\/wp\/v2\/comments?post=68639"}],"version-history":[{"count":1,"href":"http:\/\/elurbanoweb.com.ar\/diario\/wp-json\/wp\/v2\/posts\/68639\/revisions"}],"predecessor-version":[{"id":68641,"href":"http:\/\/elurbanoweb.com.ar\/diario\/wp-json\/wp\/v2\/posts\/68639\/revisions\/68641"}],"wp:featuredmedia":[{"embeddable":true,"href":"http:\/\/elurbanoweb.com.ar\/diario\/wp-json\/wp\/v2\/media\/68640"}],"wp:attachment":[{"href":"http:\/\/elurbanoweb.com.ar\/diario\/wp-json\/wp\/v2\/media?parent=68639"}],"wp:term":[{"taxonomy":"category","embeddable":true,"href":"http:\/\/elurbanoweb.com.ar\/diario\/wp-json\/wp\/v2\/categories?post=68639"},{"taxonomy":"post_tag","embeddable":true,"href":"http:\/\/elurbanoweb.com.ar\/diario\/wp-json\/wp\/v2\/tags?post=68639"}],"curies":[{"name":"wp","href":"https:\/\/api.w.org\/{rel}","templated":true}]}}