{"id":68655,"date":"2026-04-08T11:02:32","date_gmt":"2026-04-08T14:02:32","guid":{"rendered":"https:\/\/elurbanoweb.com.ar\/diario\/?p=68655"},"modified":"2026-04-08T11:02:32","modified_gmt":"2026-04-08T14:02:32","slug":"la-legislatura-provincial-expreso-su-rechazo-ante-la-posible-venta-de-terrenos-y-despidos-en-el-inta-santiago-del-estero","status":"publish","type":"post","link":"http:\/\/elurbanoweb.com.ar\/diario\/la-legislatura-provincial-expreso-su-rechazo-ante-la-posible-venta-de-terrenos-y-despidos-en-el-inta-santiago-del-estero\/","title":{"rendered":"La Legislatura Provincial expres\u00f3 su rechazo ante la posible venta de terrenos y despidos en el INTA Santiago del Estero"},"content":{"rendered":"<p>La c\u00e1mara de diputados aprob\u00f3 un pedido de informes y manifest\u00f3 su preocupaci\u00f3n por la posible transferencia de tierras y la p\u00e9rdida de empleos, al tiempo que anunci\u00f3 que llevar\u00e1 el tema al parlamento del norte grande.<\/p>\n<p><img loading=\"lazy\" decoding=\"async\" class=\"alignnone wp-image-68656 size-full\" src=\"http:\/\/elurbanoweb.com.ar\/diario\/wp-content\/uploads\/2026\/04\/silva15.jpg\" alt=\"\" width=\"1010\" height=\"567\" srcset=\"http:\/\/elurbanoweb.com.ar\/diario\/wp-content\/uploads\/2026\/04\/silva15.jpg 1010w, http:\/\/elurbanoweb.com.ar\/diario\/wp-content\/uploads\/2026\/04\/silva15-300x168.jpg 300w, http:\/\/elurbanoweb.com.ar\/diario\/wp-content\/uploads\/2026\/04\/silva15-150x84.jpg 150w\" sizes=\"auto, (max-width: 1010px) 100vw, 1010px\" \/><\/p>\n<p><!--more--><\/p>\n<p>En una nueva sesi\u00f3n ordinaria conducida por el vicegobernador y titular natural del Poder Legislativo, Dr. Carlos Silva Neder, la C\u00e1mara de Diputados aprob\u00f3 un pedido de informes dirigido a autoridades nacionales y regionales del INTA. El proyecto surge ante la preocupaci\u00f3n por la posible venta o transferencia de tierras del organismo en la provincia y la p\u00e9rdida de puestos laborales.<\/p>\n<p>En ese marco, el Cuerpo legislativo advirti\u00f3 que los predios ubicados en los departamentos Capital y Sil\u00edpica \u201cfueron originalmente donados por el Estado Provincial con un cargo espec\u00edfico: la investigaci\u00f3n y el beneficio directo de los productores santiague\u00f1os\u201d.<\/p>\n<p>En los fundamentos, remarcaron: \u201cel valor no es inmobiliario y se ignora su invaluable funci\u00f3n social y cient\u00edfica. adem\u00e1s, se pone en riesgo la soberan\u00eda alimentaria\u201d.<\/p>\n<p>El parlamento del norte grande abordar\u00e1 la situaci\u00f3n del INTA<\/p>\n<p>Ante la gravedad de la situaci\u00f3n, los legisladores anunciaron que elevar\u00e1n el tema al Parlamento del Norte Grande, que sesionar\u00e1 los d\u00edas 13 y 14 de abril en Tucum\u00e1n.<\/p>\n<p>El objetivo es impulsar un proyecto regional conjunto, al considerar que la crisis del organismo afecta de manera sist\u00e9mica a las provincias del NOA y NEA.<\/p>\n<p>Durante la jornada estuvieron presentes en el recinto trabajadores del INTA, representantes gremiales, jubilados y productores agropecuarios, a quienes la Legislatura expres\u00f3 su solidaridad.<\/p>\n<p>Salud p\u00fablica como pol\u00edtica de estado<\/p>\n<p>En el marco del d\u00eda mundial de la salud, la C\u00e1mara reafirm\u00f3 mediante una declaraci\u00f3n que \u201cen Santiago del Estero el acceso al sistema sanitario no es un servicio, sino un derecho garantizado por la gesti\u00f3n p\u00fablica\u201d, y agradeci\u00f3 la labor de trabajadores de la salud p\u00fablicos y privados.<\/p>\n<p>Media marat\u00f3n mijovi 2026<\/p>\n<p>Los diputados declararon de inter\u00e9s la media marat\u00f3n mijovi 2026, que se correr\u00e1 el 26 de abril, destacando que \u201cno es solo una competencia, sino una plataforma de integraci\u00f3n social, promoci\u00f3n de la salud y turismo regional\u201d.<\/p>\n<p>Eventos deportivos de nivel internacional<\/p>\n<p>El cuerpo legislativo ratific\u00f3 la consolidaci\u00f3n de la provincia como sede de eventos de elite y polo de desarrollo deportivo.<\/p>\n<p>Se declararon de inter\u00e9s:<\/p>\n<p>rugby internacional: la 3\u00aa fecha del nations championship 2026, donde Los Pumas enfrentar\u00e1n a Inglaterra en el Estadio \u00danico \u201cMadre de Ciudades\u201d.<br \/>\nautomovilismo y golf: la 5\u00aa fecha del Turismo Carretera en el Aut\u00f3dromo Internacional y la nominaci\u00f3n del Termas de R\u00edo Hondo Golf Club en los World Golf Awards.<br \/>\ndeporte amateur: la convocatoria de Mat\u00edas Sosa Gonz\u00e1lez y M\u00e1ximo C\u00f3rdoba Vizcarra a la Selecci\u00f3n Nacional.<br \/>\nTambi\u00e9n se destacaron competencias regionales como el campeonato integraci\u00f3n de enduro en Villa La Punta y torneos de taekwon-do, jiu jitsu y voleibol.<\/p>\n<p>Reconocimiento a la colectividad siria<\/p>\n<p>La C\u00e1mara aprob\u00f3 la declaraci\u00f3n de inter\u00e9s por el 80\u00b0 aniversario de la independencia de la Rep\u00fablica \u00c1rabe Siria, a celebrarse el 17 de abril en Suncho Corral.<\/p>\n<p>El reconocimiento se fundamenta en \u201cel incalculable valor de la huella siria en la provincia\u201d.<\/p>\n<p>Ciencia y cultura popular<\/p>\n<p>El cuerpo legislativo respald\u00f3 diversas actividades, destacando:<\/p>\n<p>Salud y fe: la XXVII edici\u00f3n del v\u00eda crucis en bicicleta, el 67\u00ba aniversario del barrio 8 de abril, el festival de la guaracha y el 6\u00b0 encuentro nacional de artesanos.<br \/>\nEducaci\u00f3n y tecnolog\u00eda: la capacitaci\u00f3n docente en la Escuela Normal Superior de Fr\u00edas y la jornada sobre \u201cconsumo y entornos digitales: seguridad y tutela efectiva\u201d.<br \/>\nCon este temario, la C\u00e1mara de Diputados reafirm\u00f3 su rol como caja de resonancia de las inquietudes sociales, destacando el trabajo de docentes, artesanos y organizaciones sociales.<\/p>\n","protected":false},"excerpt":{"rendered":"<p>La c\u00e1mara de diputados aprob\u00f3 un pedido de informes y manifest\u00f3 su preocupaci\u00f3n por la posible transferencia de tierras y la p\u00e9rdida de empleos, al tiempo que anunci\u00f3 que llevar\u00e1&hellip; <\/p>\n","protected":false},"author":1,"featured_media":68656,"comment_status":"closed","ping_status":"closed","sticky":false,"template":"","format":"standard","meta":{"footnotes":""},"categories":[16],"tags":[],"class_list":["post-68655","post","type-post","status-publish","format-standard","has-post-thumbnail","hentry","category-locales"],"_links":{"self":[{"href":"http:\/\/elurbanoweb.com.ar\/diario\/wp-json\/wp\/v2\/posts\/68655","targetHints":{"allow":["GET"]}}],"collection":[{"href":"http:\/\/elurbanoweb.com.ar\/diario\/wp-json\/wp\/v2\/posts"}],"about":[{"href":"http:\/\/elurbanoweb.com.ar\/diario\/wp-json\/wp\/v2\/types\/post"}],"author":[{"embeddable":true,"href":"http:\/\/elurbanoweb.com.ar\/diario\/wp-json\/wp\/v2\/users\/1"}],"replies":[{"embeddable":true,"href":"http:\/\/elurbanoweb.com.ar\/diario\/wp-json\/wp\/v2\/comments?post=68655"}],"version-history":[{"count":1,"href":"http:\/\/elurbanoweb.com.ar\/diario\/wp-json\/wp\/v2\/posts\/68655\/revisions"}],"predecessor-version":[{"id":68657,"href":"http:\/\/elurbanoweb.com.ar\/diario\/wp-json\/wp\/v2\/posts\/68655\/revisions\/68657"}],"wp:featuredmedia":[{"embeddable":true,"href":"http:\/\/elurbanoweb.com.ar\/diario\/wp-json\/wp\/v2\/media\/68656"}],"wp:attachment":[{"href":"http:\/\/elurbanoweb.com.ar\/diario\/wp-json\/wp\/v2\/media?parent=68655"}],"wp:term":[{"taxonomy":"category","embeddable":true,"href":"http:\/\/elurbanoweb.com.ar\/diario\/wp-json\/wp\/v2\/categories?post=68655"},{"taxonomy":"post_tag","embeddable":true,"href":"http:\/\/elurbanoweb.com.ar\/diario\/wp-json\/wp\/v2\/tags?post=68655"}],"curies":[{"name":"wp","href":"https:\/\/api.w.org\/{rel}","templated":true}]}}