{"id":69251,"date":"2026-04-24T09:58:28","date_gmt":"2026-04-24T12:58:28","guid":{"rendered":"https:\/\/elurbanoweb.com.ar\/diario\/?p=69251"},"modified":"2026-04-24T09:58:28","modified_gmt":"2026-04-24T12:58:28","slug":"el-municipio-brinda-acompanamiento-a-familias-afectadas-por-las-inundaciones","status":"publish","type":"post","link":"http:\/\/elurbanoweb.com.ar\/diario\/el-municipio-brinda-acompanamiento-a-familias-afectadas-por-las-inundaciones\/","title":{"rendered":"El municipio brinda acompa\u00f1amiento a familias afectadas por las inundaciones"},"content":{"rendered":"<p>La Municipalidad de La Banda, a trav\u00e9s de la Escribana Municipal Mar\u00eda Laura Tula Rizzo, recibi\u00f3 a vecinos que fueron afectados por las \u00faltimas inundaciones provocadas por el desborde del R\u00edo Dulce, con el objetivo de brindarles contenci\u00f3n, informaci\u00f3n y acompa\u00f1amiento ante la dif\u00edcil situaci\u00f3n que atraviesan.<\/p>\n<p><img loading=\"lazy\" decoding=\"async\" class=\"alignnone wp-image-69252 size-full\" src=\"http:\/\/elurbanoweb.com.ar\/diario\/wp-content\/uploads\/2026\/04\/afectados2.jpg\" alt=\"\" width=\"1010\" height=\"567\" srcset=\"http:\/\/elurbanoweb.com.ar\/diario\/wp-content\/uploads\/2026\/04\/afectados2.jpg 1010w, http:\/\/elurbanoweb.com.ar\/diario\/wp-content\/uploads\/2026\/04\/afectados2-300x168.jpg 300w, http:\/\/elurbanoweb.com.ar\/diario\/wp-content\/uploads\/2026\/04\/afectados2-150x84.jpg 150w\" sizes=\"auto, (max-width: 1010px) 100vw, 1010px\" \/><\/p>\n<p><!--more--><\/p>\n<p>En este marco, la Escribana Municipal Mar\u00eda Laura Tula Rizzo, explic\u00f3 que se trata de familias provenientes de los sectores de Alta Prolongaci\u00f3n, Rubia Moreno y La Bajada, quienes no pudieron participar de la reuni\u00f3n mantenida d\u00edas atr\u00e1s con el Ministerio de Desarrollo Social de la Provincia, donde el intendente Roger El\u00edas Nediani expuso la problem\u00e1tica que afecta a estos vecinos.<\/p>\n<p>Durante el encuentro, se brind\u00f3 asesoramiento personalizado sobre los pasos a seguir, especialmente en relaci\u00f3n a los relevamientos realizados por Defensa Civil y equipos sociales, adem\u00e1s de orientar a las familias sobre la importancia de presentarse ante los organismos provinciales para verificar su inclusi\u00f3n en los listados correspondientes.<\/p>\n<p>Asimismo, se destac\u00f3 que el municipio se encuentra trabajando de manera articulada con \u00e1reas como Catastro y otras dependencias, con el objetivo de avanzar en la regularizaci\u00f3n de situaciones dominiales y brindar soluciones concretas a las familias que m\u00e1s lo necesitan.<\/p>\n<p>La escribana remarc\u00f3 que estas acciones forman parte del compromiso asumido por la gesti\u00f3n del intendente Ing. Roger El\u00edas Nediani, quien dispuso acompa\u00f1ar y asistir a los vecinos, generando herramientas que permitan mejorar su calidad de vida y brindar mayor seguridad en sus hogares.<\/p>\n<p>De esta manera, el municipio contin\u00faa fortaleciendo su presencia en el territorio, priorizando la atenci\u00f3n directa y el acompa\u00f1amiento a las familias en situaci\u00f3n de vulnerabilidad.<\/p>\n","protected":false},"excerpt":{"rendered":"<p>La Municipalidad de La Banda, a trav\u00e9s de la Escribana Municipal Mar\u00eda Laura Tula Rizzo, recibi\u00f3 a vecinos que fueron afectados por las \u00faltimas inundaciones provocadas por el desborde del&hellip; <\/p>\n","protected":false},"author":1,"featured_media":69252,"comment_status":"closed","ping_status":"closed","sticky":false,"template":"","format":"standard","meta":{"footnotes":""},"categories":[9],"tags":[],"class_list":["post-69251","post","type-post","status-publish","format-standard","has-post-thumbnail","hentry","category-la-banda"],"_links":{"self":[{"href":"http:\/\/elurbanoweb.com.ar\/diario\/wp-json\/wp\/v2\/posts\/69251","targetHints":{"allow":["GET"]}}],"collection":[{"href":"http:\/\/elurbanoweb.com.ar\/diario\/wp-json\/wp\/v2\/posts"}],"about":[{"href":"http:\/\/elurbanoweb.com.ar\/diario\/wp-json\/wp\/v2\/types\/post"}],"author":[{"embeddable":true,"href":"http:\/\/elurbanoweb.com.ar\/diario\/wp-json\/wp\/v2\/users\/1"}],"replies":[{"embeddable":true,"href":"http:\/\/elurbanoweb.com.ar\/diario\/wp-json\/wp\/v2\/comments?post=69251"}],"version-history":[{"count":1,"href":"http:\/\/elurbanoweb.com.ar\/diario\/wp-json\/wp\/v2\/posts\/69251\/revisions"}],"predecessor-version":[{"id":69253,"href":"http:\/\/elurbanoweb.com.ar\/diario\/wp-json\/wp\/v2\/posts\/69251\/revisions\/69253"}],"wp:featuredmedia":[{"embeddable":true,"href":"http:\/\/elurbanoweb.com.ar\/diario\/wp-json\/wp\/v2\/media\/69252"}],"wp:attachment":[{"href":"http:\/\/elurbanoweb.com.ar\/diario\/wp-json\/wp\/v2\/media?parent=69251"}],"wp:term":[{"taxonomy":"category","embeddable":true,"href":"http:\/\/elurbanoweb.com.ar\/diario\/wp-json\/wp\/v2\/categories?post=69251"},{"taxonomy":"post_tag","embeddable":true,"href":"http:\/\/elurbanoweb.com.ar\/diario\/wp-json\/wp\/v2\/tags?post=69251"}],"curies":[{"name":"wp","href":"https:\/\/api.w.org\/{rel}","templated":true}]}}