{"id":69284,"date":"2026-04-24T10:24:19","date_gmt":"2026-04-24T13:24:19","guid":{"rendered":"https:\/\/elurbanoweb.com.ar\/diario\/?p=69284"},"modified":"2026-04-24T10:24:28","modified_gmt":"2026-04-24T13:24:28","slug":"la-municipalidad-y-el-ministerio-de-salud-concretaron-la-vacunacion-antigripal-para-este-ano-en-24-centros-de-jubilados-de-la-capital","status":"publish","type":"post","link":"http:\/\/elurbanoweb.com.ar\/diario\/la-municipalidad-y-el-ministerio-de-salud-concretaron-la-vacunacion-antigripal-para-este-ano-en-24-centros-de-jubilados-de-la-capital\/","title":{"rendered":"La Municipalidad y el Ministerio de Salud concretaron la vacunaci\u00f3n antigripal para este a\u00f1o en 24 centros de jubilados de la Capital"},"content":{"rendered":"<p>En el marco de la Campa\u00f1a de Vacunaci\u00f3n Antigripal 2026, se desarrollaron acciones conjuntas entre la Subdirecci\u00f3n de la Tercera Edad, el Ministerio de Salud, los CAPS del municipio de la Capital y los distintos centros de jubilados de la ciudad, con el objetivo de acercar la vacunaci\u00f3n a los adultos mayores.<\/p>\n<p><img loading=\"lazy\" decoding=\"async\" class=\"alignnone wp-image-69285 size-full\" src=\"http:\/\/elurbanoweb.com.ar\/diario\/wp-content\/uploads\/2026\/04\/vacunacion4.jpg\" alt=\"\" width=\"899\" height=\"560\" srcset=\"http:\/\/elurbanoweb.com.ar\/diario\/wp-content\/uploads\/2026\/04\/vacunacion4.jpg 899w, http:\/\/elurbanoweb.com.ar\/diario\/wp-content\/uploads\/2026\/04\/vacunacion4-300x187.jpg 300w, http:\/\/elurbanoweb.com.ar\/diario\/wp-content\/uploads\/2026\/04\/vacunacion4-150x93.jpg 150w\" sizes=\"auto, (max-width: 899px) 100vw, 899px\" \/><\/p>\n<p><!--more--> Las actividades consistieron en operativos territoriales realizados directamente en 24 centros de jubilados, facilitando el acceso a la vacuna antigripal a personas mayores de 60 a\u00f1os, consideradas un grupo prioritario dentro del calendario nacional de vacunaci\u00f3n.<\/p>\n<p>Estos operativos permitieron no solo la aplicaci\u00f3n de dosis, sino tambi\u00e9n la promoci\u00f3n de h\u00e1bitos preventivos, la concientizaci\u00f3n sobre enfermedades respiratorias y el fortalecimiento del v\u00ednculo entre el sistema de salud y las instituciones comunitarias.<\/p>\n<p>La participaci\u00f3n activa de los centros de jubilados fue fundamental para la convocatoria, la organizaci\u00f3n y el acompa\u00f1amiento de los socios, logrando una mayor cobertura y adhesi\u00f3n a la campa\u00f1a.<\/p>\n<p>De esta manera, el trabajo articulado entre el Estado y las instituciones de adultos mayores reafirma el compromiso con la prevenci\u00f3n, el cuidado de la salud y la mejora de la calidad de vida de este sector de la poblaci\u00f3n.<\/p>\n","protected":false},"excerpt":{"rendered":"<p>En el marco de la Campa\u00f1a de Vacunaci\u00f3n Antigripal 2026, se desarrollaron acciones conjuntas entre la Subdirecci\u00f3n de la Tercera Edad, el Ministerio de Salud, los CAPS del municipio de&hellip; <\/p>\n","protected":false},"author":1,"featured_media":69285,"comment_status":"closed","ping_status":"closed","sticky":false,"template":"","format":"standard","meta":{"footnotes":""},"categories":[16,3],"tags":[],"class_list":["post-69284","post","type-post","status-publish","format-standard","has-post-thumbnail","hentry","category-locales","category-municipio"],"_links":{"self":[{"href":"http:\/\/elurbanoweb.com.ar\/diario\/wp-json\/wp\/v2\/posts\/69284","targetHints":{"allow":["GET"]}}],"collection":[{"href":"http:\/\/elurbanoweb.com.ar\/diario\/wp-json\/wp\/v2\/posts"}],"about":[{"href":"http:\/\/elurbanoweb.com.ar\/diario\/wp-json\/wp\/v2\/types\/post"}],"author":[{"embeddable":true,"href":"http:\/\/elurbanoweb.com.ar\/diario\/wp-json\/wp\/v2\/users\/1"}],"replies":[{"embeddable":true,"href":"http:\/\/elurbanoweb.com.ar\/diario\/wp-json\/wp\/v2\/comments?post=69284"}],"version-history":[{"count":1,"href":"http:\/\/elurbanoweb.com.ar\/diario\/wp-json\/wp\/v2\/posts\/69284\/revisions"}],"predecessor-version":[{"id":69286,"href":"http:\/\/elurbanoweb.com.ar\/diario\/wp-json\/wp\/v2\/posts\/69284\/revisions\/69286"}],"wp:featuredmedia":[{"embeddable":true,"href":"http:\/\/elurbanoweb.com.ar\/diario\/wp-json\/wp\/v2\/media\/69285"}],"wp:attachment":[{"href":"http:\/\/elurbanoweb.com.ar\/diario\/wp-json\/wp\/v2\/media?parent=69284"}],"wp:term":[{"taxonomy":"category","embeddable":true,"href":"http:\/\/elurbanoweb.com.ar\/diario\/wp-json\/wp\/v2\/categories?post=69284"},{"taxonomy":"post_tag","embeddable":true,"href":"http:\/\/elurbanoweb.com.ar\/diario\/wp-json\/wp\/v2\/tags?post=69284"}],"curies":[{"name":"wp","href":"https:\/\/api.w.org\/{rel}","templated":true}]}}