{"id":69370,"date":"2026-04-26T10:44:54","date_gmt":"2026-04-26T13:44:54","guid":{"rendered":"https:\/\/elurbanoweb.com.ar\/diario\/?p=69370"},"modified":"2026-04-26T10:44:54","modified_gmt":"2026-04-26T13:44:54","slug":"el-intendente-roger-nediani-se-reunio-con-referentes-ambientales-y-destaco-el-trabajo-en-reciclaje-y-cuidado-del-entorno","status":"publish","type":"post","link":"http:\/\/elurbanoweb.com.ar\/diario\/el-intendente-roger-nediani-se-reunio-con-referentes-ambientales-y-destaco-el-trabajo-en-reciclaje-y-cuidado-del-entorno\/","title":{"rendered":"El intendente Roger Nediani se reuni\u00f3 con referentes ambientales y destac\u00f3 el trabajo en reciclaje y cuidado del entorno"},"content":{"rendered":"<p>El intendente de la ciudad de La Banda, Ing. Roger El\u00edas Nediani, mantuvo una reuni\u00f3n con la subsecretaria de Seguridad y Ordenamiento Urbano, Carolina Montenegro, junto a referentes del trabajo ambiental, Sonia Bravo y Gustavo Bravo, quienes vienen desarrollando tareas vinculadas al reciclaje y la concientizaci\u00f3n comunitaria.<\/p>\n<p><img loading=\"lazy\" decoding=\"async\" class=\"alignnone wp-image-69371 size-full\" src=\"http:\/\/elurbanoweb.com.ar\/diario\/wp-content\/uploads\/2026\/04\/referentes1.jpg\" alt=\"\" width=\"1010\" height=\"567\" srcset=\"http:\/\/elurbanoweb.com.ar\/diario\/wp-content\/uploads\/2026\/04\/referentes1.jpg 1010w, http:\/\/elurbanoweb.com.ar\/diario\/wp-content\/uploads\/2026\/04\/referentes1-300x168.jpg 300w, http:\/\/elurbanoweb.com.ar\/diario\/wp-content\/uploads\/2026\/04\/referentes1-150x84.jpg 150w\" sizes=\"auto, (max-width: 1010px) 100vw, 1010px\" \/><\/p>\n<p><!--more--><\/p>\n<p>Durante el encuentro, los integrantes de Eco Punto, dependiente de la Oficina de Saneamiento Ambiental del Municipio, expusieron el trabajo que realizan desde hace m\u00e1s de tres a\u00f1os en el tratamiento y reutilizaci\u00f3n de residuos, especialmente en el reciclaje de botellas de vidrio. En este sentido, explicaron el proceso que llevan adelante, que incluye la recolecci\u00f3n, lavado, limpieza y transformaci\u00f3n del vidrio en nuevos productos, como vasos reciclados, que luego son entregados o comercializados en ferias locales.<\/p>\n<p>Asimismo, destacaron el funcionamiento de los ecopuntos, donde se reciben distintos materiales reciclables, entre ellos tapitas pl\u00e1sticas, las cuales son clasificadas y posteriormente reutilizadas para la elaboraci\u00f3n de nuevos elementos, como pisos, contribuyendo a la econom\u00eda circular.<\/p>\n<p>Tambi\u00e9n remarcaron el acompa\u00f1amiento de distintas organizaciones y vecinos que se suman a estas iniciativas, promoviendo la conciencia ambiental desde edades tempranas, con la participaci\u00f3n de instituciones educativas y familias.<\/p>\n<p>Por su parte, el intendente Nediani felicit\u00f3 el compromiso y la dedicaci\u00f3n del grupo, resaltando la importancia de generar una mirada diferente sobre los residuos y su impacto en el ambiente. En ese marco, inst\u00f3 a seguir fortaleciendo estas acciones y avanzar en una estructura de trabajo m\u00e1s amplia que permita consolidar pol\u00edticas sustentables en la ciudad.<\/p>\n<p>Adem\u00e1s, se puso en valor el trabajo de concientizaci\u00f3n que se realiza diariamente, como as\u00ed tambi\u00e9n las intervenciones semanales en rescate y cuidado de animales, contribuyendo a la preservaci\u00f3n del entorno natural y la convivencia responsable.<\/p>\n<p>De esta manera, el municipio contin\u00faa impulsando iniciativas que promueven el cuidado del ambiente, la reutilizaci\u00f3n de materiales y la participaci\u00f3n activa de la comunidad en la construcci\u00f3n de una ciudad m\u00e1s sustentable.<\/p>\n","protected":false},"excerpt":{"rendered":"<p>El intendente de la ciudad de La Banda, Ing. Roger El\u00edas Nediani, mantuvo una reuni\u00f3n con la subsecretaria de Seguridad y Ordenamiento Urbano, Carolina Montenegro, junto a referentes del trabajo&hellip; <\/p>\n","protected":false},"author":1,"featured_media":69371,"comment_status":"closed","ping_status":"closed","sticky":false,"template":"","format":"standard","meta":{"footnotes":""},"categories":[9],"tags":[],"class_list":["post-69370","post","type-post","status-publish","format-standard","has-post-thumbnail","hentry","category-la-banda"],"_links":{"self":[{"href":"http:\/\/elurbanoweb.com.ar\/diario\/wp-json\/wp\/v2\/posts\/69370","targetHints":{"allow":["GET"]}}],"collection":[{"href":"http:\/\/elurbanoweb.com.ar\/diario\/wp-json\/wp\/v2\/posts"}],"about":[{"href":"http:\/\/elurbanoweb.com.ar\/diario\/wp-json\/wp\/v2\/types\/post"}],"author":[{"embeddable":true,"href":"http:\/\/elurbanoweb.com.ar\/diario\/wp-json\/wp\/v2\/users\/1"}],"replies":[{"embeddable":true,"href":"http:\/\/elurbanoweb.com.ar\/diario\/wp-json\/wp\/v2\/comments?post=69370"}],"version-history":[{"count":1,"href":"http:\/\/elurbanoweb.com.ar\/diario\/wp-json\/wp\/v2\/posts\/69370\/revisions"}],"predecessor-version":[{"id":69372,"href":"http:\/\/elurbanoweb.com.ar\/diario\/wp-json\/wp\/v2\/posts\/69370\/revisions\/69372"}],"wp:featuredmedia":[{"embeddable":true,"href":"http:\/\/elurbanoweb.com.ar\/diario\/wp-json\/wp\/v2\/media\/69371"}],"wp:attachment":[{"href":"http:\/\/elurbanoweb.com.ar\/diario\/wp-json\/wp\/v2\/media?parent=69370"}],"wp:term":[{"taxonomy":"category","embeddable":true,"href":"http:\/\/elurbanoweb.com.ar\/diario\/wp-json\/wp\/v2\/categories?post=69370"},{"taxonomy":"post_tag","embeddable":true,"href":"http:\/\/elurbanoweb.com.ar\/diario\/wp-json\/wp\/v2\/tags?post=69370"}],"curies":[{"name":"wp","href":"https:\/\/api.w.org\/{rel}","templated":true}]}}