{"id":69373,"date":"2026-04-26T10:46:33","date_gmt":"2026-04-26T13:46:33","guid":{"rendered":"https:\/\/elurbanoweb.com.ar\/diario\/?p=69373"},"modified":"2026-04-26T10:46:33","modified_gmt":"2026-04-26T13:46:33","slug":"convocan-a-personas-adultas-con-discapacidad-a-participar-en-el-taller-arte-para-incluir","status":"publish","type":"post","link":"http:\/\/elurbanoweb.com.ar\/diario\/convocan-a-personas-adultas-con-discapacidad-a-participar-en-el-taller-arte-para-incluir\/","title":{"rendered":"Convocan a personas adultas con discapacidad a participar en el taller \u201cArte para Incluir\u201d"},"content":{"rendered":"<p>La Direcci\u00f3n de Discapacidad, dependiente de la Secretar\u00eda de Coordinaci\u00f3n y Desarrollo Territorial, informa que el pr\u00f3ximo martes 5 de mayo dar\u00e1 inicio el taller \u201cArte para Incluir\u201d.<\/p>\n<p><img loading=\"lazy\" decoding=\"async\" class=\"alignnone wp-image-69374 size-full\" src=\"http:\/\/elurbanoweb.com.ar\/diario\/wp-content\/uploads\/2026\/04\/discapacidad4.jpg\" alt=\"\" width=\"1010\" height=\"567\" srcset=\"http:\/\/elurbanoweb.com.ar\/diario\/wp-content\/uploads\/2026\/04\/discapacidad4.jpg 1010w, http:\/\/elurbanoweb.com.ar\/diario\/wp-content\/uploads\/2026\/04\/discapacidad4-300x168.jpg 300w, http:\/\/elurbanoweb.com.ar\/diario\/wp-content\/uploads\/2026\/04\/discapacidad4-150x84.jpg 150w\" sizes=\"auto, (max-width: 1010px) 100vw, 1010px\" \/><\/p>\n<p><!--more--><\/p>\n<p>Esta actividad est\u00e1 destinada para personas adultas con discapacidad, a partir de los 18 a\u00f1os de edad. Los encuentros ser\u00e1n todos los martes de 15 a 17, en la calle Alberdi N\u00b0 123.<\/p>\n<p>El arte inclusivo utiliza disciplinas como pintura, teatro, danza y m\u00fasica para fomentar la autoexpresi\u00f3n, la igualdad y la participaci\u00f3n comunitaria de personas con discapacidad, eliminando barreras sociales.<\/p>\n<p>Por lo tanto, el taller \u201cArte para Incluir\u201d busca transformar la percepci\u00f3n de la discapacidad, destacando el talento y la creatividad. Adem\u00e1s, promueve un espacio accesible donde se valoran las diversas capacidades.<\/p>\n","protected":false},"excerpt":{"rendered":"<p>La Direcci\u00f3n de Discapacidad, dependiente de la Secretar\u00eda de Coordinaci\u00f3n y Desarrollo Territorial, informa que el pr\u00f3ximo martes 5 de mayo dar\u00e1 inicio el taller \u201cArte para Incluir\u201d.<\/p>\n","protected":false},"author":1,"featured_media":69374,"comment_status":"closed","ping_status":"closed","sticky":false,"template":"","format":"standard","meta":{"footnotes":""},"categories":[9],"tags":[],"class_list":["post-69373","post","type-post","status-publish","format-standard","has-post-thumbnail","hentry","category-la-banda"],"_links":{"self":[{"href":"http:\/\/elurbanoweb.com.ar\/diario\/wp-json\/wp\/v2\/posts\/69373","targetHints":{"allow":["GET"]}}],"collection":[{"href":"http:\/\/elurbanoweb.com.ar\/diario\/wp-json\/wp\/v2\/posts"}],"about":[{"href":"http:\/\/elurbanoweb.com.ar\/diario\/wp-json\/wp\/v2\/types\/post"}],"author":[{"embeddable":true,"href":"http:\/\/elurbanoweb.com.ar\/diario\/wp-json\/wp\/v2\/users\/1"}],"replies":[{"embeddable":true,"href":"http:\/\/elurbanoweb.com.ar\/diario\/wp-json\/wp\/v2\/comments?post=69373"}],"version-history":[{"count":1,"href":"http:\/\/elurbanoweb.com.ar\/diario\/wp-json\/wp\/v2\/posts\/69373\/revisions"}],"predecessor-version":[{"id":69375,"href":"http:\/\/elurbanoweb.com.ar\/diario\/wp-json\/wp\/v2\/posts\/69373\/revisions\/69375"}],"wp:featuredmedia":[{"embeddable":true,"href":"http:\/\/elurbanoweb.com.ar\/diario\/wp-json\/wp\/v2\/media\/69374"}],"wp:attachment":[{"href":"http:\/\/elurbanoweb.com.ar\/diario\/wp-json\/wp\/v2\/media?parent=69373"}],"wp:term":[{"taxonomy":"category","embeddable":true,"href":"http:\/\/elurbanoweb.com.ar\/diario\/wp-json\/wp\/v2\/categories?post=69373"},{"taxonomy":"post_tag","embeddable":true,"href":"http:\/\/elurbanoweb.com.ar\/diario\/wp-json\/wp\/v2\/tags?post=69373"}],"curies":[{"name":"wp","href":"https:\/\/api.w.org\/{rel}","templated":true}]}}