{"id":69379,"date":"2026-04-26T10:52:43","date_gmt":"2026-04-26T13:52:43","guid":{"rendered":"https:\/\/elurbanoweb.com.ar\/diario\/?p=69379"},"modified":"2026-04-26T10:52:43","modified_gmt":"2026-04-26T13:52:43","slug":"el-30-de-abril-se-realizaran-elecciones-en-el-colegio-de-medicos","status":"publish","type":"post","link":"http:\/\/elurbanoweb.com.ar\/diario\/el-30-de-abril-se-realizaran-elecciones-en-el-colegio-de-medicos\/","title":{"rendered":"El 30 de abril se realizar\u00e1n elecciones en el Colegio de M\u00e9dicos"},"content":{"rendered":"<p>Fueron oficializadas dos listas: Unidad M\u00e9dica, encabezada por Sebasti\u00e1n Oddo, y Compromiso M\u00e9dico que postula a Carlos Fuenzalida. Alrededor de 1.200 m\u00e9dicos est\u00e1n habilitados para votar.<\/p>\n<p><img loading=\"lazy\" decoding=\"async\" class=\"alignnone wp-image-69380 size-full\" src=\"http:\/\/elurbanoweb.com.ar\/diario\/wp-content\/uploads\/2026\/04\/colegio3.jpg\" alt=\"\" width=\"1010\" height=\"567\" srcset=\"http:\/\/elurbanoweb.com.ar\/diario\/wp-content\/uploads\/2026\/04\/colegio3.jpg 1010w, http:\/\/elurbanoweb.com.ar\/diario\/wp-content\/uploads\/2026\/04\/colegio3-300x168.jpg 300w, http:\/\/elurbanoweb.com.ar\/diario\/wp-content\/uploads\/2026\/04\/colegio3-150x84.jpg 150w\" sizes=\"auto, (max-width: 1010px) 100vw, 1010px\" \/><\/p>\n<p><!--more--><\/p>\n<p>De cara a las elecciones del pr\u00f3ximo 30 de abril en el Colegio de M\u00e9dicos, la lista \u201cUnidad M\u00e9dica\u201d, encabezada por el Dr. Sebasti\u00e1n Oddo, present\u00f3 una propuesta con un fuerte posicionamiento en defensa del trabajo m\u00e9dico y la recuperaci\u00f3n del rol institucional del Colegio.<\/p>\n<p>Desde el espacio remarcan que cuentan con experiencia en gesti\u00f3n y resultados concretos, destacando el trabajo realizado a trav\u00e9s de la plataforma Centum, que permiti\u00f3 ordenar procesos, mejorar la relaci\u00f3n con financiadores y generar herramientas m\u00e1s eficientes para los profesionales.<\/p>\n<p>En ese marco, advierten sobre un contexto de creciente precarizaci\u00f3n del ejercicio m\u00e9dico, impulsado por la proliferaci\u00f3n de convenios directos que debilitan la representaci\u00f3n colectiva. Frente a esto, proponen fortalecer el Colegio como \u00e1mbito central de negociaci\u00f3n, garantizando honorarios dignos y condiciones laborales justas.<\/p>\n<p>Asimismo, plantean como eje prioritario la seguridad y proyecci\u00f3n laboral para todos los m\u00e9dicos, entendiendo que el Colegio debe ser un respaldo real frente a las incertidumbres del sistema de salud.<\/p>\n<p>Otro de los pilares de la propuesta es sostener un di\u00e1logo permanente, firme y transparente con las obras sociales, especialmente con IOSEP, a la que consideran un actor clave en la generaci\u00f3n de trabajo para los profesionales de la provincia.<\/p>\n<p>\u201cTenemos la experiencia, los resultados y la convicci\u00f3n para construir un Colegio presente, que defienda a sus m\u00e9dicos y recupere protagonismo en las decisiones que impactan en el sistema de salud\u201d, se\u00f1alaron desde el espacio.<\/p>\n<p>Las elecciones se realizar\u00e1n el 30 de abril, en una jornada que se presenta como determinante para definir el rumbo institucional del Colegio de M\u00e9dicos.<\/p>\n","protected":false},"excerpt":{"rendered":"<p>Fueron oficializadas dos listas: Unidad M\u00e9dica, encabezada por Sebasti\u00e1n Oddo, y Compromiso M\u00e9dico que postula a Carlos Fuenzalida. Alrededor de 1.200 m\u00e9dicos est\u00e1n habilitados para votar.<\/p>\n","protected":false},"author":1,"featured_media":69380,"comment_status":"closed","ping_status":"closed","sticky":false,"template":"","format":"standard","meta":{"footnotes":""},"categories":[16],"tags":[],"class_list":["post-69379","post","type-post","status-publish","format-standard","has-post-thumbnail","hentry","category-locales"],"_links":{"self":[{"href":"http:\/\/elurbanoweb.com.ar\/diario\/wp-json\/wp\/v2\/posts\/69379","targetHints":{"allow":["GET"]}}],"collection":[{"href":"http:\/\/elurbanoweb.com.ar\/diario\/wp-json\/wp\/v2\/posts"}],"about":[{"href":"http:\/\/elurbanoweb.com.ar\/diario\/wp-json\/wp\/v2\/types\/post"}],"author":[{"embeddable":true,"href":"http:\/\/elurbanoweb.com.ar\/diario\/wp-json\/wp\/v2\/users\/1"}],"replies":[{"embeddable":true,"href":"http:\/\/elurbanoweb.com.ar\/diario\/wp-json\/wp\/v2\/comments?post=69379"}],"version-history":[{"count":1,"href":"http:\/\/elurbanoweb.com.ar\/diario\/wp-json\/wp\/v2\/posts\/69379\/revisions"}],"predecessor-version":[{"id":69381,"href":"http:\/\/elurbanoweb.com.ar\/diario\/wp-json\/wp\/v2\/posts\/69379\/revisions\/69381"}],"wp:featuredmedia":[{"embeddable":true,"href":"http:\/\/elurbanoweb.com.ar\/diario\/wp-json\/wp\/v2\/media\/69380"}],"wp:attachment":[{"href":"http:\/\/elurbanoweb.com.ar\/diario\/wp-json\/wp\/v2\/media?parent=69379"}],"wp:term":[{"taxonomy":"category","embeddable":true,"href":"http:\/\/elurbanoweb.com.ar\/diario\/wp-json\/wp\/v2\/categories?post=69379"},{"taxonomy":"post_tag","embeddable":true,"href":"http:\/\/elurbanoweb.com.ar\/diario\/wp-json\/wp\/v2\/tags?post=69379"}],"curies":[{"name":"wp","href":"https:\/\/api.w.org\/{rel}","templated":true}]}}