{"id":69382,"date":"2026-04-26T10:54:29","date_gmt":"2026-04-26T13:54:29","guid":{"rendered":"https:\/\/elurbanoweb.com.ar\/diario\/?p=69382"},"modified":"2026-04-26T10:54:29","modified_gmt":"2026-04-26T13:54:29","slug":"la-unse-presenta-cuatro-esquinas-una-sola-historia-para-conectar-a-los-jovenes-con-el-dia-de-la-autonomia","status":"publish","type":"post","link":"http:\/\/elurbanoweb.com.ar\/diario\/la-unse-presenta-cuatro-esquinas-una-sola-historia-para-conectar-a-los-jovenes-con-el-dia-de-la-autonomia\/","title":{"rendered":"La UNSE presenta \u201cCuatro esquinas, una sola historia\u201d, para conectar a los j\u00f3venes con el D\u00eda de la Autonom\u00eda"},"content":{"rendered":"<p>La iniciativa invita a recorrer, a trav\u00e9s de reels y lenguaje digital, distintos puntos emblem\u00e1ticos de la ciudad Capital para reconstruir el proceso hist\u00f3rico que deriv\u00f3 en la Autonom\u00eda Provincial.<\/p>\n<p><img loading=\"lazy\" decoding=\"async\" class=\"alignnone wp-image-69383 size-full\" src=\"http:\/\/elurbanoweb.com.ar\/diario\/wp-content\/uploads\/2026\/04\/esquinas.jpg\" alt=\"\" width=\"1010\" height=\"567\" srcset=\"http:\/\/elurbanoweb.com.ar\/diario\/wp-content\/uploads\/2026\/04\/esquinas.jpg 1010w, http:\/\/elurbanoweb.com.ar\/diario\/wp-content\/uploads\/2026\/04\/esquinas-300x168.jpg 300w, http:\/\/elurbanoweb.com.ar\/diario\/wp-content\/uploads\/2026\/04\/esquinas-150x84.jpg 150w\" sizes=\"auto, (max-width: 1010px) 100vw, 1010px\" \/><\/p>\n<p><!--more--><\/p>\n<p>En el marco de un nuevo aniversario del D\u00eda de la Autonom\u00eda que se conmemora este 27 de abril, la Universidad Nacional de Santiago del Estero (UNSE) impuls\u00f3 una serie de contenidos audiovisuales para redes sociales con el objetivo de poner en valor la historia local y fortalecer la identidad santiague\u00f1a.<\/p>\n<p>La propuesta, desarrollada desde la Subsecretar\u00eda de Comunicaci\u00f3n en articulaci\u00f3n con el Equipo Historia UNSE, se compone de cuatro reels bajo el eje \u201ccuatro esquinas, una sola historia\u201d, una iniciativa que invita a recorrer distintos puntos emblem\u00e1ticos de la ciudad capital para reconstruir el proceso hist\u00f3rico que deriv\u00f3 en la Autonom\u00eda Provincial.<\/p>\n<p>Adem\u00e1s, busca no solo conmemorar una fecha clave para la provincia, sino tambi\u00e9n revalorizar la historia santiague\u00f1a y promover su conocimiento a trav\u00e9s de plataformas digitales, fomentando el inter\u00e9s de j\u00f3venes y nuevos p\u00fablicos.<\/p>\n<p>Los videos cuentan con la participaci\u00f3n de Evangelina Isaac, Gabriel Santill\u00e1n, Esteban Brizuela y Ren\u00e9 Galv\u00e1n, quienes, a trav\u00e9s de un lenguaje accesible y cercano, proponen redescubrir la ciudad desde una mirada hist\u00f3rica, vinculando el pasado con el presente.<\/p>\n<p>Los trabajos audiovisuales se pueden ver a trav\u00e9s de las redes sociales de la universidad, en Facebook, Instagram y Tik Tok.<\/p>\n<p>El recorrido inicia en la intersecci\u00f3n de Libertad y Tucum\u00e1n, actual Plaza Libertad, espacio donde funcionaba el Cabildo a comienzos del siglo XIX y que fue centro de la vida pol\u00edtica y social de la \u00e9poca, escenario de los primeros intentos revolucionarios encabezados por Juan Francisco Borges.<\/p>\n<p>La segunda parada se sit\u00faa en 25 de Mayo y Urquiza, frente a la Iglesia Santo Domingo, lugar asociado a una de las batallas clave protagonizadas por Juan Felipe Ibarra, considerada antecedente fundamental en el camino hacia la autonom\u00eda provincial.<\/p>\n<p>El tercer reel se traslada a la esquina de 24 de Septiembre y Urquiza, donde se encuentra la Iglesia La Merced, un espacio de relevancia en la vida pol\u00edtica y religiosa de la ciudad durante los primeros a\u00f1os posteriores a la autonom\u00eda, y donde descansan los restos del caudillo Juan Felipe Ibarra.<\/p>\n<p>El recorrido concluye en Olaechea y Avellaneda, en el monumento que homenajea a la Autonom\u00eda Provincial, donde cada a\u00f1o se realizan los actos centrales del 27 de abril y donde se encuentran los bustos de figuras clave como Juan Felipe Ibarra y Juan Francisco Borges.<\/p>\n<p>A trav\u00e9s de esta serie, la UNSE propone no solo recordar los hechos hist\u00f3ricos, sino tambi\u00e9n invitar a la comunidad a mirar las calles cotidianas desde otra perspectiva, reconociendo en ellas los escenarios donde se forj\u00f3 la identidad santiague\u00f1a.<\/p>\n","protected":false},"excerpt":{"rendered":"<p>La iniciativa invita a recorrer, a trav\u00e9s de reels y lenguaje digital, distintos puntos emblem\u00e1ticos de la ciudad Capital para reconstruir el proceso hist\u00f3rico que deriv\u00f3 en la Autonom\u00eda Provincial.<\/p>\n","protected":false},"author":1,"featured_media":69383,"comment_status":"closed","ping_status":"closed","sticky":false,"template":"","format":"standard","meta":{"footnotes":""},"categories":[15],"tags":[],"class_list":["post-69382","post","type-post","status-publish","format-standard","has-post-thumbnail","hentry","category-unse"],"_links":{"self":[{"href":"http:\/\/elurbanoweb.com.ar\/diario\/wp-json\/wp\/v2\/posts\/69382","targetHints":{"allow":["GET"]}}],"collection":[{"href":"http:\/\/elurbanoweb.com.ar\/diario\/wp-json\/wp\/v2\/posts"}],"about":[{"href":"http:\/\/elurbanoweb.com.ar\/diario\/wp-json\/wp\/v2\/types\/post"}],"author":[{"embeddable":true,"href":"http:\/\/elurbanoweb.com.ar\/diario\/wp-json\/wp\/v2\/users\/1"}],"replies":[{"embeddable":true,"href":"http:\/\/elurbanoweb.com.ar\/diario\/wp-json\/wp\/v2\/comments?post=69382"}],"version-history":[{"count":1,"href":"http:\/\/elurbanoweb.com.ar\/diario\/wp-json\/wp\/v2\/posts\/69382\/revisions"}],"predecessor-version":[{"id":69384,"href":"http:\/\/elurbanoweb.com.ar\/diario\/wp-json\/wp\/v2\/posts\/69382\/revisions\/69384"}],"wp:featuredmedia":[{"embeddable":true,"href":"http:\/\/elurbanoweb.com.ar\/diario\/wp-json\/wp\/v2\/media\/69383"}],"wp:attachment":[{"href":"http:\/\/elurbanoweb.com.ar\/diario\/wp-json\/wp\/v2\/media?parent=69382"}],"wp:term":[{"taxonomy":"category","embeddable":true,"href":"http:\/\/elurbanoweb.com.ar\/diario\/wp-json\/wp\/v2\/categories?post=69382"},{"taxonomy":"post_tag","embeddable":true,"href":"http:\/\/elurbanoweb.com.ar\/diario\/wp-json\/wp\/v2\/tags?post=69382"}],"curies":[{"name":"wp","href":"https:\/\/api.w.org\/{rel}","templated":true}]}}