{"id":69391,"date":"2026-04-26T14:36:16","date_gmt":"2026-04-26T17:36:16","guid":{"rendered":"https:\/\/elurbanoweb.com.ar\/diario\/?p=69391"},"modified":"2026-04-26T14:36:16","modified_gmt":"2026-04-26T17:36:16","slug":"la-banda-celebro-con-una-jornada-cultural-el-dia-de-la-cultura-quichua-santiaguena","status":"publish","type":"post","link":"http:\/\/elurbanoweb.com.ar\/diario\/la-banda-celebro-con-una-jornada-cultural-el-dia-de-la-cultura-quichua-santiaguena\/","title":{"rendered":"La Banda celebr\u00f3 con una jornada cultural el \u201cD\u00eda de la Cultura Quichua Santiague\u00f1a\u201d"},"content":{"rendered":"<p>Con el acompa\u00f1amiento de la Municipalidad de La Banda, la Biblioteca Popular \u201cDomingo A. Bravo\u201d, realiz\u00f3 una jornada cultural para conmemorar y celebrar el \u201cD\u00eda de la Cultura Quichua Santiague\u00f1a\u201d.<\/p>\n<p><img loading=\"lazy\" decoding=\"async\" class=\"alignnone wp-image-69392 size-full\" src=\"http:\/\/elurbanoweb.com.ar\/diario\/wp-content\/uploads\/2026\/04\/cultural1.jpg\" alt=\"\" width=\"1010\" height=\"567\" srcset=\"http:\/\/elurbanoweb.com.ar\/diario\/wp-content\/uploads\/2026\/04\/cultural1.jpg 1010w, http:\/\/elurbanoweb.com.ar\/diario\/wp-content\/uploads\/2026\/04\/cultural1-300x168.jpg 300w, http:\/\/elurbanoweb.com.ar\/diario\/wp-content\/uploads\/2026\/04\/cultural1-150x84.jpg 150w\" sizes=\"auto, (max-width: 1010px) 100vw, 1010px\" \/><\/p>\n<p><!--more--><\/p>\n<p>Esta actividad se realiz\u00f3 el viernes 24 de abril, en horas de la tarde, en la instituci\u00f3n situada en la intersecci\u00f3n de las calles Elordi y Catamarca, en el barrio Villa Juana de La Banda.<\/p>\n<p>Participaron autoridades de la Comisi\u00f3n Directiva de la Biblioteca Popular \u201cDomingo A. Bravo\u201d, referentes de instituciones intermedias, socios, docentes, invitados especiales y vecinos.<\/p>\n<p>El encuentro comprendi\u00f3 la lectura y entrega de una copia del Proyecto de Declaraci\u00f3n de Inter\u00e9s Educativo y Cultural de la Jornada por el \u201cD\u00eda de la Cultura Quichua Santiague\u00f1a\u201d, emitido por el Honorable Concejo Deliberante de La Banda.<\/p>\n<p>Lectura de una poes\u00eda a modo de homenaje a la Profesora Mar\u00eda In\u00e9s Bravo de Gentile, hija del profesor Domingo Bravo, a cargo de la profesora Elizabeth Gorosito; Semblanza de Don Sixto Palavecino, a cargo de la profesora Alicia Pereira<\/p>\n<p>Y las actuaciones de los alumnos de la Escuela de Arte y Cultura con Inclusi\u00f3n Educativa \u00abSixto Palavecino\u00bb de La Banda y el d\u00fao Quichua Manta y un brindis de camarader\u00eda.<\/p>\n<p>En la oportunidad, el presidente de la Biblioteca Popular \u201cDomingo A. Bravo\u201d, Jes\u00fas D\u00edaz, inform\u00f3 lo siguiente: \u201cEste es un homenaje a Don Sixto Palavecino y a la cultura quichua santiague\u00f1a.<\/p>\n<p>El 24 de abril se conmemora ese d\u00eda en particular, entonces, la profesora Carmen Friedrich organiz\u00f3 este evento para hacer un homenaje.<\/p>\n<p>En un principio \u00edbamos a hacer una menci\u00f3n nada m\u00e1s, pero despu\u00e9s se ha ido sumando gente y decidimos organizar este encuentro en la propia biblioteca.<\/p>\n<p>De este modo, participar\u00e1n docentes que realizar\u00e1n lecturas de poes\u00edas y semblanzas; la Escuela Sixto Palavecino, con su academia de danzas folcl\u00f3ricas y el d\u00fao Quichua Manta que cantar\u00e1 unas canciones en quichua.<\/p>\n<p>Para esta ocasi\u00f3n hemos invitado a las autoridades municipales, a referentes de entidades como la Asociaci\u00f3n Civil Sanmartiniana, el Centro Belgraniano, instituciones intermedias, socios y vecinos.<\/p>\n<p>Hoy queremos transmitir la importancia de la lengua quichua que es una de las lenguas que a\u00fan sigue con vida en nuestra provincia.<\/p>\n<p>Y remarcar cu\u00e1l es la importancia de seguir con el legado de Don Sixto Palavecino como del profesor Domingo Bravo y otros referentes de la lengua quichua.<\/p>\n<p>Agradecemos el apoyo de la municipalidad y del Honorable Concejo Deliberante de La Banda, que ha declarado a trav\u00e9s de Inter\u00e9s Municipal y Cultural este encuentro a trav\u00e9s de un proyecto de resoluci\u00f3n\u201d.<\/p>\n<p>El D\u00eda de la Cultura Quichua Santiague\u00f1a se celebra cada 24 de abril en honor al fallecimiento del m\u00fasico y defensor de la lengua, Don Sixto Palavecino.<\/p>\n<p>Esta fecha busca revalorizar la lengua quichua santiague\u00f1a, la m\u00fasica, las tradiciones y la identidad ancestral que se mantiene viva en la provincia.<\/p>\n","protected":false},"excerpt":{"rendered":"<p>Con el acompa\u00f1amiento de la Municipalidad de La Banda, la Biblioteca Popular \u201cDomingo A. Bravo\u201d, realiz\u00f3 una jornada cultural para conmemorar y celebrar el \u201cD\u00eda de la Cultura Quichua Santiague\u00f1a\u201d.<\/p>\n","protected":false},"author":1,"featured_media":69392,"comment_status":"closed","ping_status":"closed","sticky":false,"template":"","format":"standard","meta":{"footnotes":""},"categories":[9],"tags":[],"class_list":["post-69391","post","type-post","status-publish","format-standard","has-post-thumbnail","hentry","category-la-banda"],"_links":{"self":[{"href":"http:\/\/elurbanoweb.com.ar\/diario\/wp-json\/wp\/v2\/posts\/69391","targetHints":{"allow":["GET"]}}],"collection":[{"href":"http:\/\/elurbanoweb.com.ar\/diario\/wp-json\/wp\/v2\/posts"}],"about":[{"href":"http:\/\/elurbanoweb.com.ar\/diario\/wp-json\/wp\/v2\/types\/post"}],"author":[{"embeddable":true,"href":"http:\/\/elurbanoweb.com.ar\/diario\/wp-json\/wp\/v2\/users\/1"}],"replies":[{"embeddable":true,"href":"http:\/\/elurbanoweb.com.ar\/diario\/wp-json\/wp\/v2\/comments?post=69391"}],"version-history":[{"count":1,"href":"http:\/\/elurbanoweb.com.ar\/diario\/wp-json\/wp\/v2\/posts\/69391\/revisions"}],"predecessor-version":[{"id":69393,"href":"http:\/\/elurbanoweb.com.ar\/diario\/wp-json\/wp\/v2\/posts\/69391\/revisions\/69393"}],"wp:featuredmedia":[{"embeddable":true,"href":"http:\/\/elurbanoweb.com.ar\/diario\/wp-json\/wp\/v2\/media\/69392"}],"wp:attachment":[{"href":"http:\/\/elurbanoweb.com.ar\/diario\/wp-json\/wp\/v2\/media?parent=69391"}],"wp:term":[{"taxonomy":"category","embeddable":true,"href":"http:\/\/elurbanoweb.com.ar\/diario\/wp-json\/wp\/v2\/categories?post=69391"},{"taxonomy":"post_tag","embeddable":true,"href":"http:\/\/elurbanoweb.com.ar\/diario\/wp-json\/wp\/v2\/tags?post=69391"}],"curies":[{"name":"wp","href":"https:\/\/api.w.org\/{rel}","templated":true}]}}