{"id":69394,"date":"2026-04-27T10:00:22","date_gmt":"2026-04-27T13:00:22","guid":{"rendered":"https:\/\/elurbanoweb.com.ar\/diario\/?p=69394"},"modified":"2026-04-27T10:00:22","modified_gmt":"2026-04-27T13:00:22","slug":"el-municipio-realizo-un-taller-de-prevencion-de-consumo-en-el-barrio-iv-centenario","status":"publish","type":"post","link":"http:\/\/elurbanoweb.com.ar\/diario\/el-municipio-realizo-un-taller-de-prevencion-de-consumo-en-el-barrio-iv-centenario\/","title":{"rendered":"El municipio realiz\u00f3 un taller de prevenci\u00f3n de consumo en el barrio IV Centenario"},"content":{"rendered":"<p>La Direcci\u00f3n de Prevenci\u00f3n en Adicciones de la municipalidad de La Banda, brind\u00f3 un taller denominado \u201cTu hijo ya no es un ni\u00f1o\u201d, destinado a padres con hijos en situaci\u00f3n de consumo.<\/p>\n<p><img loading=\"lazy\" decoding=\"async\" class=\"alignnone wp-image-69395 size-full\" src=\"http:\/\/elurbanoweb.com.ar\/diario\/wp-content\/uploads\/2026\/04\/prevencion6.jpg\" alt=\"\" width=\"1010\" height=\"567\" srcset=\"http:\/\/elurbanoweb.com.ar\/diario\/wp-content\/uploads\/2026\/04\/prevencion6.jpg 1010w, http:\/\/elurbanoweb.com.ar\/diario\/wp-content\/uploads\/2026\/04\/prevencion6-300x168.jpg 300w, http:\/\/elurbanoweb.com.ar\/diario\/wp-content\/uploads\/2026\/04\/prevencion6-150x84.jpg 150w\" sizes=\"auto, (max-width: 1010px) 100vw, 1010px\" \/><\/p>\n<p><!--more--><\/p>\n<p>Esta actividad se llev\u00f3 a cabo el d\u00eda viernes en el barrio IV Centenario de la ciudad de La Banda y cont\u00f3 con la participaci\u00f3n y colaboraci\u00f3n de integrantes de la ONG \u201cNi\u00f1os de Cristo\u201d.<\/p>\n<p>Cabe destacar que esta actividad se desarroll\u00f3 en el marco del convenio establecido recientemente entre el municipio de La Banda y el Concilio Internacional de Pastores y Capellan\u00eda Cristiana.<\/p>\n","protected":false},"excerpt":{"rendered":"<p>La Direcci\u00f3n de Prevenci\u00f3n en Adicciones de la municipalidad de La Banda, brind\u00f3 un taller denominado \u201cTu hijo ya no es un ni\u00f1o\u201d, destinado a padres con hijos en situaci\u00f3n&hellip; <\/p>\n","protected":false},"author":1,"featured_media":69395,"comment_status":"closed","ping_status":"closed","sticky":false,"template":"","format":"standard","meta":{"footnotes":""},"categories":[9],"tags":[],"class_list":["post-69394","post","type-post","status-publish","format-standard","has-post-thumbnail","hentry","category-la-banda"],"_links":{"self":[{"href":"http:\/\/elurbanoweb.com.ar\/diario\/wp-json\/wp\/v2\/posts\/69394","targetHints":{"allow":["GET"]}}],"collection":[{"href":"http:\/\/elurbanoweb.com.ar\/diario\/wp-json\/wp\/v2\/posts"}],"about":[{"href":"http:\/\/elurbanoweb.com.ar\/diario\/wp-json\/wp\/v2\/types\/post"}],"author":[{"embeddable":true,"href":"http:\/\/elurbanoweb.com.ar\/diario\/wp-json\/wp\/v2\/users\/1"}],"replies":[{"embeddable":true,"href":"http:\/\/elurbanoweb.com.ar\/diario\/wp-json\/wp\/v2\/comments?post=69394"}],"version-history":[{"count":1,"href":"http:\/\/elurbanoweb.com.ar\/diario\/wp-json\/wp\/v2\/posts\/69394\/revisions"}],"predecessor-version":[{"id":69396,"href":"http:\/\/elurbanoweb.com.ar\/diario\/wp-json\/wp\/v2\/posts\/69394\/revisions\/69396"}],"wp:featuredmedia":[{"embeddable":true,"href":"http:\/\/elurbanoweb.com.ar\/diario\/wp-json\/wp\/v2\/media\/69395"}],"wp:attachment":[{"href":"http:\/\/elurbanoweb.com.ar\/diario\/wp-json\/wp\/v2\/media?parent=69394"}],"wp:term":[{"taxonomy":"category","embeddable":true,"href":"http:\/\/elurbanoweb.com.ar\/diario\/wp-json\/wp\/v2\/categories?post=69394"},{"taxonomy":"post_tag","embeddable":true,"href":"http:\/\/elurbanoweb.com.ar\/diario\/wp-json\/wp\/v2\/tags?post=69394"}],"curies":[{"name":"wp","href":"https:\/\/api.w.org\/{rel}","templated":true}]}}