{"id":69397,"date":"2026-04-27T10:01:58","date_gmt":"2026-04-27T13:01:58","guid":{"rendered":"https:\/\/elurbanoweb.com.ar\/diario\/?p=69397"},"modified":"2026-04-27T10:01:58","modified_gmt":"2026-04-27T13:01:58","slug":"el-municipio-acompanara-el-1-encuentro-de-emprendedores-cristianos-en-la-ciudad-de-la-banda","status":"publish","type":"post","link":"http:\/\/elurbanoweb.com.ar\/diario\/el-municipio-acompanara-el-1-encuentro-de-emprendedores-cristianos-en-la-ciudad-de-la-banda\/","title":{"rendered":"El municipio acompa\u00f1ar\u00e1 el \u00ab1\u00b0 Encuentro de Emprendedores Cristianos\u00bb en la ciudad de La Banda"},"content":{"rendered":"<p>La Municipalidad de La Banda a trav\u00e9s de la Oficina de Culto acompa\u00f1ar\u00e1 el \u00ab1\u00b0 Encuentro de Emprendedores Cristianos\u00bb que se realizar\u00e1 el lunes 27 a partir de las 18.30hs en Av. San Mart\u00edn N\u00b0 758.<\/p>\n<p><img loading=\"lazy\" decoding=\"async\" class=\"alignnone wp-image-69398 size-full\" src=\"http:\/\/elurbanoweb.com.ar\/diario\/wp-content\/uploads\/2026\/04\/cristianos.jpg\" alt=\"\" width=\"1010\" height=\"567\" srcset=\"http:\/\/elurbanoweb.com.ar\/diario\/wp-content\/uploads\/2026\/04\/cristianos.jpg 1010w, http:\/\/elurbanoweb.com.ar\/diario\/wp-content\/uploads\/2026\/04\/cristianos-300x168.jpg 300w, http:\/\/elurbanoweb.com.ar\/diario\/wp-content\/uploads\/2026\/04\/cristianos-150x84.jpg 150w\" sizes=\"auto, (max-width: 1010px) 100vw, 1010px\" \/><\/p>\n<p><!--more--><\/p>\n<p>Dicho encuentro es organizado por el Ministerio \u00abJes\u00fas es la Roca\u00bb perteneciente a la Asociaci\u00f3n Evang\u00e9lica \u00abAsamblea de Dios\u00bb y tiene el objetivo de impulsar el desarrollo econ\u00f3mico local, ofreciendo un espacio para que miembros de esta congregaci\u00f3n exhiban productos, artesan\u00edas, comida y servicios.<\/p>\n<p>Desde la organizaci\u00f3n del evento se\u00f1alaron que es importante que los vecinos bande\u00f1os apoyen a los emprendedores porque ellos al vender sus productos generan un ingreso econ\u00f3mico para sus familias teniendo en cuenta el dif\u00edcil contexto financiero que se vive en el pa\u00eds.<\/p>\n<p>Asimismo, se indic\u00f3 que durante el encuentro se dictar\u00e1n talleres de manera gratuita sobre tem\u00e1ticas como: carpinter\u00eda, reposter\u00eda y huertas familiares.<\/p>\n<p>De esta manera desde la gesti\u00f3n del intendente Ing. Roger E. Nediani se contin\u00faa respaldando las actividades religiosas y sociales impulsadas desde los diferentes sectores de la comunidad bande\u00f1a.<\/p>\n","protected":false},"excerpt":{"rendered":"<p>La Municipalidad de La Banda a trav\u00e9s de la Oficina de Culto acompa\u00f1ar\u00e1 el \u00ab1\u00b0 Encuentro de Emprendedores Cristianos\u00bb que se realizar\u00e1 el lunes 27 a partir de las 18.30hs&hellip; <\/p>\n","protected":false},"author":1,"featured_media":69398,"comment_status":"closed","ping_status":"closed","sticky":false,"template":"","format":"standard","meta":{"footnotes":""},"categories":[9],"tags":[],"class_list":["post-69397","post","type-post","status-publish","format-standard","has-post-thumbnail","hentry","category-la-banda"],"_links":{"self":[{"href":"http:\/\/elurbanoweb.com.ar\/diario\/wp-json\/wp\/v2\/posts\/69397","targetHints":{"allow":["GET"]}}],"collection":[{"href":"http:\/\/elurbanoweb.com.ar\/diario\/wp-json\/wp\/v2\/posts"}],"about":[{"href":"http:\/\/elurbanoweb.com.ar\/diario\/wp-json\/wp\/v2\/types\/post"}],"author":[{"embeddable":true,"href":"http:\/\/elurbanoweb.com.ar\/diario\/wp-json\/wp\/v2\/users\/1"}],"replies":[{"embeddable":true,"href":"http:\/\/elurbanoweb.com.ar\/diario\/wp-json\/wp\/v2\/comments?post=69397"}],"version-history":[{"count":1,"href":"http:\/\/elurbanoweb.com.ar\/diario\/wp-json\/wp\/v2\/posts\/69397\/revisions"}],"predecessor-version":[{"id":69399,"href":"http:\/\/elurbanoweb.com.ar\/diario\/wp-json\/wp\/v2\/posts\/69397\/revisions\/69399"}],"wp:featuredmedia":[{"embeddable":true,"href":"http:\/\/elurbanoweb.com.ar\/diario\/wp-json\/wp\/v2\/media\/69398"}],"wp:attachment":[{"href":"http:\/\/elurbanoweb.com.ar\/diario\/wp-json\/wp\/v2\/media?parent=69397"}],"wp:term":[{"taxonomy":"category","embeddable":true,"href":"http:\/\/elurbanoweb.com.ar\/diario\/wp-json\/wp\/v2\/categories?post=69397"},{"taxonomy":"post_tag","embeddable":true,"href":"http:\/\/elurbanoweb.com.ar\/diario\/wp-json\/wp\/v2\/tags?post=69397"}],"curies":[{"name":"wp","href":"https:\/\/api.w.org\/{rel}","templated":true}]}}