{"id":69400,"date":"2026-04-27T10:03:37","date_gmt":"2026-04-27T13:03:37","guid":{"rendered":"https:\/\/elurbanoweb.com.ar\/diario\/?p=69400"},"modified":"2026-04-27T10:03:37","modified_gmt":"2026-04-27T13:03:37","slug":"santiago-del-estero-conmemoro-un-ano-de-la-partida-del-papa-francisco-con-una-multitudinaria-misa","status":"publish","type":"post","link":"http:\/\/elurbanoweb.com.ar\/diario\/santiago-del-estero-conmemoro-un-ano-de-la-partida-del-papa-francisco-con-una-multitudinaria-misa\/","title":{"rendered":"Santiago del Estero conmemor\u00f3 un a\u00f1o de la partida del papa Francisco con una multitudinaria misa"},"content":{"rendered":"<p>En un clima de profundo recogimiento y emoci\u00f3n, este domingo por la noche se celebr\u00f3 una santa misa en memoria del papa Francisco, al cumplirse un a\u00f1o de su partida a la Casa del Padre.<\/p>\n<p><img loading=\"lazy\" decoding=\"async\" class=\"alignnone wp-image-69401 size-full\" src=\"http:\/\/elurbanoweb.com.ar\/diario\/wp-content\/uploads\/2026\/04\/misa0.jpg\" alt=\"\" width=\"1010\" height=\"567\" srcset=\"http:\/\/elurbanoweb.com.ar\/diario\/wp-content\/uploads\/2026\/04\/misa0.jpg 1010w, http:\/\/elurbanoweb.com.ar\/diario\/wp-content\/uploads\/2026\/04\/misa0-300x168.jpg 300w, http:\/\/elurbanoweb.com.ar\/diario\/wp-content\/uploads\/2026\/04\/misa0-150x84.jpg 150w\" sizes=\"auto, (max-width: 1010px) 100vw, 1010px\" \/><\/p>\n<p><!--more--><\/p>\n<p>La ceremonia tuvo lugar en la Catedral Bas\u00edlica de Santiago del Estero, donde una importante cantidad de fieles se congreg\u00f3 para rendir homenaje al pont\u00edfice argentino y recordar su legado espiritual.<\/p>\n<p>La celebraci\u00f3n lit\u00fargica fue presidida por el arzobispo Vicente Bokalic, quien encabez\u00f3 la misa ante familias, j\u00f3venes y adultos mayores que colmaron el templo.<\/p>\n<p>Durante la ceremonia se vivieron momentos de intensa espiritualidad, con oraciones, lecturas b\u00edblicas y reflexiones centradas en la figura de Francisco.<\/p>\n<p>En ese marco, se destac\u00f3 especialmente su mensaje de humildad, cercan\u00eda con los m\u00e1s necesitados y compromiso con una Iglesia abierta e inclusiva, valores que marcaron su pontificado y dejaron una profunda huella en millones de personas alrededor del mundo.<\/p>\n<p>La presencia de numerosos fieles reflej\u00f3 el afecto que el papa argentino contin\u00faa despertando en la comunidad santiague\u00f1a.<\/p>\n<p>Con respeto y emoci\u00f3n, los asistentes participaron de la celebraci\u00f3n para agradecer su testimonio de fe y mantener viva la memoria de quien se convirti\u00f3 en una de las figuras religiosas m\u00e1s influyentes de la historia reciente.<\/p>\n","protected":false},"excerpt":{"rendered":"<p>En un clima de profundo recogimiento y emoci\u00f3n, este domingo por la noche se celebr\u00f3 una santa misa en memoria del papa Francisco, al cumplirse un a\u00f1o de su partida&hellip; <\/p>\n","protected":false},"author":1,"featured_media":69401,"comment_status":"closed","ping_status":"closed","sticky":false,"template":"","format":"standard","meta":{"footnotes":""},"categories":[16],"tags":[],"class_list":["post-69400","post","type-post","status-publish","format-standard","has-post-thumbnail","hentry","category-locales"],"_links":{"self":[{"href":"http:\/\/elurbanoweb.com.ar\/diario\/wp-json\/wp\/v2\/posts\/69400","targetHints":{"allow":["GET"]}}],"collection":[{"href":"http:\/\/elurbanoweb.com.ar\/diario\/wp-json\/wp\/v2\/posts"}],"about":[{"href":"http:\/\/elurbanoweb.com.ar\/diario\/wp-json\/wp\/v2\/types\/post"}],"author":[{"embeddable":true,"href":"http:\/\/elurbanoweb.com.ar\/diario\/wp-json\/wp\/v2\/users\/1"}],"replies":[{"embeddable":true,"href":"http:\/\/elurbanoweb.com.ar\/diario\/wp-json\/wp\/v2\/comments?post=69400"}],"version-history":[{"count":1,"href":"http:\/\/elurbanoweb.com.ar\/diario\/wp-json\/wp\/v2\/posts\/69400\/revisions"}],"predecessor-version":[{"id":69402,"href":"http:\/\/elurbanoweb.com.ar\/diario\/wp-json\/wp\/v2\/posts\/69400\/revisions\/69402"}],"wp:featuredmedia":[{"embeddable":true,"href":"http:\/\/elurbanoweb.com.ar\/diario\/wp-json\/wp\/v2\/media\/69401"}],"wp:attachment":[{"href":"http:\/\/elurbanoweb.com.ar\/diario\/wp-json\/wp\/v2\/media?parent=69400"}],"wp:term":[{"taxonomy":"category","embeddable":true,"href":"http:\/\/elurbanoweb.com.ar\/diario\/wp-json\/wp\/v2\/categories?post=69400"},{"taxonomy":"post_tag","embeddable":true,"href":"http:\/\/elurbanoweb.com.ar\/diario\/wp-json\/wp\/v2\/tags?post=69400"}],"curies":[{"name":"wp","href":"https:\/\/api.w.org\/{rel}","templated":true}]}}