{"id":69403,"date":"2026-04-27T10:05:41","date_gmt":"2026-04-27T13:05:41","guid":{"rendered":"https:\/\/elurbanoweb.com.ar\/diario\/?p=69403"},"modified":"2026-04-27T10:05:41","modified_gmt":"2026-04-27T13:05:41","slug":"la-intendente-fuentes-participo-de-la-ceremonia-de-asuncion-de-la-nueva-comision-de-utepse","status":"publish","type":"post","link":"http:\/\/elurbanoweb.com.ar\/diario\/la-intendente-fuentes-participo-de-la-ceremonia-de-asuncion-de-la-nueva-comision-de-utepse\/","title":{"rendered":"La intendente Fuentes particip\u00f3 de la ceremonia de asunci\u00f3n de la nueva comisi\u00f3n de Utepse"},"content":{"rendered":"<p>La intendente, Ing. Norma Fuentes, particip\u00f3 de la ceremonia de asunci\u00f3n de la nueva comisi\u00f3n directiva del gremio de Utepse que fue encabezada por el vicegobernador de la Provincia Carlos Silva Neder en la sede de la entidad gremial.<\/p>\n<p><img loading=\"lazy\" decoding=\"async\" class=\"alignnone wp-image-69404 size-large\" src=\"http:\/\/elurbanoweb.com.ar\/diario\/wp-content\/uploads\/2026\/04\/utepse1-1024x710.jpg\" alt=\"\" width=\"1024\" height=\"710\" srcset=\"http:\/\/elurbanoweb.com.ar\/diario\/wp-content\/uploads\/2026\/04\/utepse1-1024x710.jpg 1024w, http:\/\/elurbanoweb.com.ar\/diario\/wp-content\/uploads\/2026\/04\/utepse1-300x208.jpg 300w, http:\/\/elurbanoweb.com.ar\/diario\/wp-content\/uploads\/2026\/04\/utepse1-150x104.jpg 150w, http:\/\/elurbanoweb.com.ar\/diario\/wp-content\/uploads\/2026\/04\/utepse1-1536x1065.jpg 1536w, http:\/\/elurbanoweb.com.ar\/diario\/wp-content\/uploads\/2026\/04\/utepse1.jpg 1600w\" sizes=\"auto, (max-width: 1024px) 100vw, 1024px\" \/><\/p>\n<p><!--more--> All\u00ed, la jefa comunal form\u00f3 parte junto a autoridades provinciales y municipales de la ceremonia dd lectura del acta y toma de posesi\u00f3n del secretario General, Miguel Marquesano; del secretario Adjunto, Mario D\u00edaz, vocales y dem\u00e1s miembros de la nueva comisi\u00f3n.<\/p>\n<p>Luego, el propio Marquesano agradeci\u00f3 la presencia de autoridades y familiares y remarc\u00f3 que el objetivo es continuar trabajando en favor de los empleados y en di\u00e1logo permanente con los estados provincial y municipal.<\/p>\n<p>Tambi\u00e9n hizo uso de la palabra el secretario General de la CGT, Jos\u00e9 G\u00f3mez, y cerr\u00f3 la ceremonia, el vicegobernador Silva Neder.<\/p>\n","protected":false},"excerpt":{"rendered":"<p>La intendente, Ing. Norma Fuentes, particip\u00f3 de la ceremonia de asunci\u00f3n de la nueva comisi\u00f3n directiva del gremio de Utepse que fue encabezada por el vicegobernador de la Provincia Carlos&hellip; <\/p>\n","protected":false},"author":1,"featured_media":69404,"comment_status":"closed","ping_status":"closed","sticky":false,"template":"","format":"standard","meta":{"footnotes":""},"categories":[3],"tags":[],"class_list":["post-69403","post","type-post","status-publish","format-standard","has-post-thumbnail","hentry","category-municipio"],"_links":{"self":[{"href":"http:\/\/elurbanoweb.com.ar\/diario\/wp-json\/wp\/v2\/posts\/69403","targetHints":{"allow":["GET"]}}],"collection":[{"href":"http:\/\/elurbanoweb.com.ar\/diario\/wp-json\/wp\/v2\/posts"}],"about":[{"href":"http:\/\/elurbanoweb.com.ar\/diario\/wp-json\/wp\/v2\/types\/post"}],"author":[{"embeddable":true,"href":"http:\/\/elurbanoweb.com.ar\/diario\/wp-json\/wp\/v2\/users\/1"}],"replies":[{"embeddable":true,"href":"http:\/\/elurbanoweb.com.ar\/diario\/wp-json\/wp\/v2\/comments?post=69403"}],"version-history":[{"count":1,"href":"http:\/\/elurbanoweb.com.ar\/diario\/wp-json\/wp\/v2\/posts\/69403\/revisions"}],"predecessor-version":[{"id":69405,"href":"http:\/\/elurbanoweb.com.ar\/diario\/wp-json\/wp\/v2\/posts\/69403\/revisions\/69405"}],"wp:featuredmedia":[{"embeddable":true,"href":"http:\/\/elurbanoweb.com.ar\/diario\/wp-json\/wp\/v2\/media\/69404"}],"wp:attachment":[{"href":"http:\/\/elurbanoweb.com.ar\/diario\/wp-json\/wp\/v2\/media?parent=69403"}],"wp:term":[{"taxonomy":"category","embeddable":true,"href":"http:\/\/elurbanoweb.com.ar\/diario\/wp-json\/wp\/v2\/categories?post=69403"},{"taxonomy":"post_tag","embeddable":true,"href":"http:\/\/elurbanoweb.com.ar\/diario\/wp-json\/wp\/v2\/tags?post=69403"}],"curies":[{"name":"wp","href":"https:\/\/api.w.org\/{rel}","templated":true}]}}