{"id":69406,"date":"2026-04-27T10:08:21","date_gmt":"2026-04-27T13:08:21","guid":{"rendered":"https:\/\/elurbanoweb.com.ar\/diario\/?p=69406"},"modified":"2026-04-27T10:08:21","modified_gmt":"2026-04-27T13:08:21","slug":"el-autodromo-de-termas-de-rio-hondo-cerro-una-jornada-exitosa-de-pruebas-libres","status":"publish","type":"post","link":"http:\/\/elurbanoweb.com.ar\/diario\/el-autodromo-de-termas-de-rio-hondo-cerro-una-jornada-exitosa-de-pruebas-libres\/","title":{"rendered":"El Aut\u00f3dromo de Termas de R\u00edo Hondo cerr\u00f3 una jornada exitosa de pruebas libres"},"content":{"rendered":"<p>Se desarroll\u00f3 la primera de las tres jornadas de las pruebas libres de motos en el aut\u00f3dromo de Termas de R\u00edo Hondo, con un buen n\u00famero de participantes y un marcado car\u00e1cter internacional gracias a la presencia de pilotos de Argentina, Bolivia, Brasil y Paraguay.<\/p>\n<p><img loading=\"lazy\" decoding=\"async\" class=\"alignnone wp-image-69407 size-large\" src=\"http:\/\/elurbanoweb.com.ar\/diario\/wp-content\/uploads\/2026\/04\/pruebas2-1024x567.jpeg\" alt=\"\" width=\"1024\" height=\"567\" srcset=\"http:\/\/elurbanoweb.com.ar\/diario\/wp-content\/uploads\/2026\/04\/pruebas2-1024x567.jpeg 1024w, http:\/\/elurbanoweb.com.ar\/diario\/wp-content\/uploads\/2026\/04\/pruebas2-300x166.jpeg 300w, http:\/\/elurbanoweb.com.ar\/diario\/wp-content\/uploads\/2026\/04\/pruebas2-150x83.jpeg 150w, http:\/\/elurbanoweb.com.ar\/diario\/wp-content\/uploads\/2026\/04\/pruebas2-1536x851.jpeg 1536w, http:\/\/elurbanoweb.com.ar\/diario\/wp-content\/uploads\/2026\/04\/pruebas2.jpeg 1600w\" sizes=\"auto, (max-width: 1024px) 100vw, 1024px\" \/><\/p>\n<p><!--more--><\/p>\n<p>Las tandas comenzaron poco antes del mediod\u00eda y, pese a una leve llovizna inicial, las primeras motos salieron igualmente a pista para testear el trazado. La actividad se organiz\u00f3 en tandas de 20 minutos para distintas categor\u00edas, hasta 400 c.c., intermedias hasta 600 c.c. y avanzados de superbike.<\/p>\n<p>M\u00e1s de cuarenta pilotos giraron a lo largo de la jornada en un circuito que, hacia la tarde, ya se encontraba completamente seco. En paralelo, la zona de boxes ofreci\u00f3 un ambiente distendido, donde familias, amigos y mec\u00e1nicos compartieron la pasi\u00f3n por la velocidad con momentos de camarader\u00eda.<\/p>\n","protected":false},"excerpt":{"rendered":"<p>Se desarroll\u00f3 la primera de las tres jornadas de las pruebas libres de motos en el aut\u00f3dromo de Termas de R\u00edo Hondo, con un buen n\u00famero de participantes y un&hellip; <\/p>\n","protected":false},"author":1,"featured_media":69407,"comment_status":"closed","ping_status":"closed","sticky":false,"template":"","format":"standard","meta":{"footnotes":""},"categories":[4],"tags":[],"class_list":["post-69406","post","type-post","status-publish","format-standard","has-post-thumbnail","hentry","category-deportes"],"_links":{"self":[{"href":"http:\/\/elurbanoweb.com.ar\/diario\/wp-json\/wp\/v2\/posts\/69406","targetHints":{"allow":["GET"]}}],"collection":[{"href":"http:\/\/elurbanoweb.com.ar\/diario\/wp-json\/wp\/v2\/posts"}],"about":[{"href":"http:\/\/elurbanoweb.com.ar\/diario\/wp-json\/wp\/v2\/types\/post"}],"author":[{"embeddable":true,"href":"http:\/\/elurbanoweb.com.ar\/diario\/wp-json\/wp\/v2\/users\/1"}],"replies":[{"embeddable":true,"href":"http:\/\/elurbanoweb.com.ar\/diario\/wp-json\/wp\/v2\/comments?post=69406"}],"version-history":[{"count":1,"href":"http:\/\/elurbanoweb.com.ar\/diario\/wp-json\/wp\/v2\/posts\/69406\/revisions"}],"predecessor-version":[{"id":69408,"href":"http:\/\/elurbanoweb.com.ar\/diario\/wp-json\/wp\/v2\/posts\/69406\/revisions\/69408"}],"wp:featuredmedia":[{"embeddable":true,"href":"http:\/\/elurbanoweb.com.ar\/diario\/wp-json\/wp\/v2\/media\/69407"}],"wp:attachment":[{"href":"http:\/\/elurbanoweb.com.ar\/diario\/wp-json\/wp\/v2\/media?parent=69406"}],"wp:term":[{"taxonomy":"category","embeddable":true,"href":"http:\/\/elurbanoweb.com.ar\/diario\/wp-json\/wp\/v2\/categories?post=69406"},{"taxonomy":"post_tag","embeddable":true,"href":"http:\/\/elurbanoweb.com.ar\/diario\/wp-json\/wp\/v2\/tags?post=69406"}],"curies":[{"name":"wp","href":"https:\/\/api.w.org\/{rel}","templated":true}]}}