{"id":69409,"date":"2026-04-27T10:10:20","date_gmt":"2026-04-27T13:10:20","guid":{"rendered":"https:\/\/elurbanoweb.com.ar\/diario\/?p=69409"},"modified":"2026-04-27T10:10:20","modified_gmt":"2026-04-27T13:10:20","slug":"la-intendente-fuentes-y-el-sec-de-deportes-dapello-entregaron-los-premios-a-los-ganadores-de-la-media-maraton-mijovi","status":"publish","type":"post","link":"http:\/\/elurbanoweb.com.ar\/diario\/la-intendente-fuentes-y-el-sec-de-deportes-dapello-entregaron-los-premios-a-los-ganadores-de-la-media-maraton-mijovi\/","title":{"rendered":"La intendente Fuentes y el sec. de Deportes Dapello entregaron los premios a los ganadores de la Media Marat\u00f3n MiJoVi"},"content":{"rendered":"<p>La intendente, Ing. Norma Fuentes el secretario de Deportes de la Provincia, CarlosDapello encabezaron la premiaci\u00f3n de la primera edici\u00f3n de la media marat\u00f3n MiJoVi 2026 en el marco del calendario nacional de running que tuvo lugar frente al Estadio \u00danico Madre de Ciudades.<\/p>\n<p><img loading=\"lazy\" decoding=\"async\" class=\"alignnone wp-image-69410 size-large\" src=\"http:\/\/elurbanoweb.com.ar\/diario\/wp-content\/uploads\/2026\/04\/maraton-1024x683.jpg\" alt=\"\" width=\"1024\" height=\"683\" srcset=\"http:\/\/elurbanoweb.com.ar\/diario\/wp-content\/uploads\/2026\/04\/maraton-1024x683.jpg 1024w, http:\/\/elurbanoweb.com.ar\/diario\/wp-content\/uploads\/2026\/04\/maraton-300x200.jpg 300w, http:\/\/elurbanoweb.com.ar\/diario\/wp-content\/uploads\/2026\/04\/maraton-150x100.jpg 150w, http:\/\/elurbanoweb.com.ar\/diario\/wp-content\/uploads\/2026\/04\/maraton-1536x1024.jpg 1536w, http:\/\/elurbanoweb.com.ar\/diario\/wp-content\/uploads\/2026\/04\/maraton.jpg 1600w\" sizes=\"auto, (max-width: 1024px) 100vw, 1024px\" \/><\/p>\n<p><!--more--> Las autoridades, acompa\u00f1adas por el secretario de Gobierno de la MunicipalidadWalter Medina Salom\u00f3n juntamente con Andrea Sarquiz, hicieron entrega de los trofeos y premios a los atletas que llegaron de diferentes puntos del pa\u00eds y que participaron en los 10 y 21 km.<\/p>\n<p>El podio en ambas categor\u00edas alcanz\u00f3 a competidores hasta el 5\u00b0 puesto, en el caso de los 10 Km, los primeros lugares para las mujeres fueron: para Gretel Saguelan, Giselle Olivera, Mayra D\u00edaz, Bel\u00e9n Milca y Diana Ju\u00e1rez; y en los varones: Rodrigo Godino, Mart\u00edn M\u00f3naco, Pablo Toledo, Aaron Quiroga y Mauricio Garz\u00f3n.<\/p>\n<p>Mientras que, en los 21 km los ganadores fueron Mar\u00eda Laura Pe\u00f1a, Anabel Haron, Alicia Gerez, Silvina Delgado y Gisela D\u00edaz; Hern\u00e1n Galleguillo, Gustavo Prensia, Agust\u00edn Da Silva, Miguel Massa y Esteban Angulo.<\/p>\n<p>La competencia tambi\u00e9n tuvo su lado solidario e incluy\u00f3 a instituciones locales que fueron beneficiadas y que formaron de este evento.<\/p>\n","protected":false},"excerpt":{"rendered":"<p>La intendente, Ing. Norma Fuentes el secretario de Deportes de la Provincia, CarlosDapello encabezaron la premiaci\u00f3n de la primera edici\u00f3n de la media marat\u00f3n MiJoVi 2026 en el marco del&hellip; <\/p>\n","protected":false},"author":1,"featured_media":69410,"comment_status":"closed","ping_status":"closed","sticky":false,"template":"","format":"standard","meta":{"footnotes":""},"categories":[3],"tags":[],"class_list":["post-69409","post","type-post","status-publish","format-standard","has-post-thumbnail","hentry","category-municipio"],"_links":{"self":[{"href":"http:\/\/elurbanoweb.com.ar\/diario\/wp-json\/wp\/v2\/posts\/69409","targetHints":{"allow":["GET"]}}],"collection":[{"href":"http:\/\/elurbanoweb.com.ar\/diario\/wp-json\/wp\/v2\/posts"}],"about":[{"href":"http:\/\/elurbanoweb.com.ar\/diario\/wp-json\/wp\/v2\/types\/post"}],"author":[{"embeddable":true,"href":"http:\/\/elurbanoweb.com.ar\/diario\/wp-json\/wp\/v2\/users\/1"}],"replies":[{"embeddable":true,"href":"http:\/\/elurbanoweb.com.ar\/diario\/wp-json\/wp\/v2\/comments?post=69409"}],"version-history":[{"count":1,"href":"http:\/\/elurbanoweb.com.ar\/diario\/wp-json\/wp\/v2\/posts\/69409\/revisions"}],"predecessor-version":[{"id":69411,"href":"http:\/\/elurbanoweb.com.ar\/diario\/wp-json\/wp\/v2\/posts\/69409\/revisions\/69411"}],"wp:featuredmedia":[{"embeddable":true,"href":"http:\/\/elurbanoweb.com.ar\/diario\/wp-json\/wp\/v2\/media\/69410"}],"wp:attachment":[{"href":"http:\/\/elurbanoweb.com.ar\/diario\/wp-json\/wp\/v2\/media?parent=69409"}],"wp:term":[{"taxonomy":"category","embeddable":true,"href":"http:\/\/elurbanoweb.com.ar\/diario\/wp-json\/wp\/v2\/categories?post=69409"},{"taxonomy":"post_tag","embeddable":true,"href":"http:\/\/elurbanoweb.com.ar\/diario\/wp-json\/wp\/v2\/tags?post=69409"}],"curies":[{"name":"wp","href":"https:\/\/api.w.org\/{rel}","templated":true}]}}