{"id":69412,"date":"2026-04-27T10:13:19","date_gmt":"2026-04-27T13:13:19","guid":{"rendered":"https:\/\/elurbanoweb.com.ar\/diario\/?p=69412"},"modified":"2026-04-27T10:13:19","modified_gmt":"2026-04-27T13:13:19","slug":"la-municipalidad-de-la-capital-celebrara-el-dia-de-la-cultura-provincial-con-una-charla-a-cargo-del-prof-clemente-di-lullo","status":"publish","type":"post","link":"http:\/\/elurbanoweb.com.ar\/diario\/la-municipalidad-de-la-capital-celebrara-el-dia-de-la-cultura-provincial-con-una-charla-a-cargo-del-prof-clemente-di-lullo\/","title":{"rendered":"La Municipalidad de la Capital celebrar\u00e1 el D\u00eda de la Cultura Provincial con una charla a cargo del Prof. Clemente Di Lullo"},"content":{"rendered":"<p>En el marco de las actividades conmemorativas por el D\u00eda de la Cultura Provincial, la Municipalidad de la Capital a trav\u00e9s de la Subsecretar\u00eda de Cultura y Turismo y la Direcci\u00f3n de Cultura de la Capital, invita a la comunidad a participar de una charla a cargo del historiador, Prof. Clemente Di Lullo, presidente de la Asociaci\u00f3n Cultural Sanmartiniana de Santiago del Estero.<\/p>\n<p><img loading=\"lazy\" decoding=\"async\" class=\"alignnone wp-image-69413 size-full\" src=\"http:\/\/elurbanoweb.com.ar\/diario\/wp-content\/uploads\/2026\/04\/festejo23.jpg\" alt=\"\" width=\"1010\" height=\"567\" srcset=\"http:\/\/elurbanoweb.com.ar\/diario\/wp-content\/uploads\/2026\/04\/festejo23.jpg 1010w, http:\/\/elurbanoweb.com.ar\/diario\/wp-content\/uploads\/2026\/04\/festejo23-300x168.jpg 300w, http:\/\/elurbanoweb.com.ar\/diario\/wp-content\/uploads\/2026\/04\/festejo23-150x84.jpg 150w\" sizes=\"auto, (max-width: 1010px) 100vw, 1010px\" \/><\/p>\n<p><!--more--><\/p>\n<p>La actividad se realizar\u00e1 el martes 28 de abril a las 20:00 en la Casa Arga\u00f1araz Alcorta, ubicada en Libertad 175.<\/p>\n<p>La charla a cargo del Prof. Di Lullo tiene como objetivo reflexionar y visibilizar el patrimonio cultural e hist\u00f3rico de nuestra provincia, con la mirada en la difusi\u00f3n de las tradiciones locales.<\/p>\n","protected":false},"excerpt":{"rendered":"<p>En el marco de las actividades conmemorativas por el D\u00eda de la Cultura Provincial, la Municipalidad de la Capital a trav\u00e9s de la Subsecretar\u00eda de Cultura y Turismo y la&hellip; <\/p>\n","protected":false},"author":1,"featured_media":69413,"comment_status":"closed","ping_status":"closed","sticky":false,"template":"","format":"standard","meta":{"footnotes":""},"categories":[3],"tags":[],"class_list":["post-69412","post","type-post","status-publish","format-standard","has-post-thumbnail","hentry","category-municipio"],"_links":{"self":[{"href":"http:\/\/elurbanoweb.com.ar\/diario\/wp-json\/wp\/v2\/posts\/69412","targetHints":{"allow":["GET"]}}],"collection":[{"href":"http:\/\/elurbanoweb.com.ar\/diario\/wp-json\/wp\/v2\/posts"}],"about":[{"href":"http:\/\/elurbanoweb.com.ar\/diario\/wp-json\/wp\/v2\/types\/post"}],"author":[{"embeddable":true,"href":"http:\/\/elurbanoweb.com.ar\/diario\/wp-json\/wp\/v2\/users\/1"}],"replies":[{"embeddable":true,"href":"http:\/\/elurbanoweb.com.ar\/diario\/wp-json\/wp\/v2\/comments?post=69412"}],"version-history":[{"count":1,"href":"http:\/\/elurbanoweb.com.ar\/diario\/wp-json\/wp\/v2\/posts\/69412\/revisions"}],"predecessor-version":[{"id":69414,"href":"http:\/\/elurbanoweb.com.ar\/diario\/wp-json\/wp\/v2\/posts\/69412\/revisions\/69414"}],"wp:featuredmedia":[{"embeddable":true,"href":"http:\/\/elurbanoweb.com.ar\/diario\/wp-json\/wp\/v2\/media\/69413"}],"wp:attachment":[{"href":"http:\/\/elurbanoweb.com.ar\/diario\/wp-json\/wp\/v2\/media?parent=69412"}],"wp:term":[{"taxonomy":"category","embeddable":true,"href":"http:\/\/elurbanoweb.com.ar\/diario\/wp-json\/wp\/v2\/categories?post=69412"},{"taxonomy":"post_tag","embeddable":true,"href":"http:\/\/elurbanoweb.com.ar\/diario\/wp-json\/wp\/v2\/tags?post=69412"}],"curies":[{"name":"wp","href":"https:\/\/api.w.org\/{rel}","templated":true}]}}