{"id":69415,"date":"2026-04-27T10:14:50","date_gmt":"2026-04-27T13:14:50","guid":{"rendered":"https:\/\/elurbanoweb.com.ar\/diario\/?p=69415"},"modified":"2026-04-27T10:14:50","modified_gmt":"2026-04-27T13:14:50","slug":"silva-neder-cumplimos-206-anos-de-autonomia-ratificando-el-compromiso-con-el-federalismo-y-la-igualdad-de-oportunidades","status":"publish","type":"post","link":"http:\/\/elurbanoweb.com.ar\/diario\/silva-neder-cumplimos-206-anos-de-autonomia-ratificando-el-compromiso-con-el-federalismo-y-la-igualdad-de-oportunidades\/","title":{"rendered":"Silva Neder: \u00abCumplimos 206 a\u00f1os de autonom\u00eda ratificando el compromiso con el federalismo y la igualdad de oportunidades\u00bb"},"content":{"rendered":"<p>En el marco del aniversario provincial, el vicegobernador destac\u00f3 la vigencia del legado hist\u00f3rico santiague\u00f1o, cuestion\u00f3 el centralismo y convoc\u00f3 a trabajar por un futuro con m\u00e1s desarrollo e inclusi\u00f3n.<\/p>\n<p><img loading=\"lazy\" decoding=\"async\" class=\"alignnone wp-image-69416 size-full\" src=\"http:\/\/elurbanoweb.com.ar\/diario\/wp-content\/uploads\/2026\/04\/silva17.jpg\" alt=\"\" width=\"1010\" height=\"567\" srcset=\"http:\/\/elurbanoweb.com.ar\/diario\/wp-content\/uploads\/2026\/04\/silva17.jpg 1010w, http:\/\/elurbanoweb.com.ar\/diario\/wp-content\/uploads\/2026\/04\/silva17-300x168.jpg 300w, http:\/\/elurbanoweb.com.ar\/diario\/wp-content\/uploads\/2026\/04\/silva17-150x84.jpg 150w\" sizes=\"auto, (max-width: 1010px) 100vw, 1010px\" \/><\/p>\n<p><!--more--><\/p>\n<p>En el marco de las celebraciones por el 206\u00b0 aniversario de la Autonom\u00eda Provincial, el vicegobernador Dr. Carlos Silva Neder emiti\u00f3 un mensaje de reafirmaci\u00f3n hist\u00f3rica y pol\u00edtica. Bajo la premisa de que la \u00abPatria chica\u00bb es el escenario donde se dirime el destino de la Naci\u00f3n, el titular del Poder Legislativo convoc\u00f3 a la unidad del pueblo santiague\u00f1o para enfrentar un presente complejo, priorizando siempre la defensa de los intereses provinciales frente al hist\u00f3rico centralismo porte\u00f1o.<\/p>\n<p>\u00abEste 27 de abril nos convoca a poner nuevamente en valor ese moj\u00f3n fundamental de nuestra historia. El grito de libertad de 1820 no es un recuerdo est\u00e1tico, sino una historia viva que seguimos escribiendo hoy con el orgullo de pertenecer a una provincia que naci\u00f3 al calor del federalismo\u00bb, expres\u00f3 Silva Neder.<\/p>\n<p>Un legado de acci\u00f3n y soberan\u00eda<\/p>\n<p>El Vicegobernador destac\u00f3 las figuras de Juan Francisco Borges y Juan Felipe Ibarra, cuyos ideales de una provincia justa, libre y soberana constituyen el norte de la gesti\u00f3n actual. Para Silva Neder, la autonom\u00eda se reivindica con \u00abejemplos concretos\u00bb: por un lado, a trav\u00e9s de la gesti\u00f3n del Ejecutivo provincial encabezada por el gobernador El\u00edas Miguel Su\u00e1rez, con pol\u00edticas activas de inclusi\u00f3n y desarrollo, ratificando lo realizado por el exgobernador Gerardo Zamora en sus mandatos; y por otro, mediante el Parlamento del Norte Grande Argentino \u2014que preside\u2014 como espacio protector contra las asimetr\u00edas regionales.<\/p>\n<p>\u00abHoy honramos ese legado con acciones, trabajando cerca de quien lo necesita y apoyando a quien quiera sumar al crecimiento de Santiago del Estero. Las coyunturas dif\u00edciles y los problemas actuales no deben impedirnos ver el horizonte\u00bb, enfatiz\u00f3, remarcando la necesidad de asegurar el goce pleno de derechos para todos los ciudadanos.<\/p>\n","protected":false},"excerpt":{"rendered":"<p>En el marco del aniversario provincial, el vicegobernador destac\u00f3 la vigencia del legado hist\u00f3rico santiague\u00f1o, cuestion\u00f3 el centralismo y convoc\u00f3 a trabajar por un futuro con m\u00e1s desarrollo e inclusi\u00f3n.<\/p>\n","protected":false},"author":1,"featured_media":69416,"comment_status":"closed","ping_status":"closed","sticky":false,"template":"","format":"standard","meta":{"footnotes":""},"categories":[2],"tags":[],"class_list":["post-69415","post","type-post","status-publish","format-standard","has-post-thumbnail","hentry","category-gobierno"],"_links":{"self":[{"href":"http:\/\/elurbanoweb.com.ar\/diario\/wp-json\/wp\/v2\/posts\/69415","targetHints":{"allow":["GET"]}}],"collection":[{"href":"http:\/\/elurbanoweb.com.ar\/diario\/wp-json\/wp\/v2\/posts"}],"about":[{"href":"http:\/\/elurbanoweb.com.ar\/diario\/wp-json\/wp\/v2\/types\/post"}],"author":[{"embeddable":true,"href":"http:\/\/elurbanoweb.com.ar\/diario\/wp-json\/wp\/v2\/users\/1"}],"replies":[{"embeddable":true,"href":"http:\/\/elurbanoweb.com.ar\/diario\/wp-json\/wp\/v2\/comments?post=69415"}],"version-history":[{"count":1,"href":"http:\/\/elurbanoweb.com.ar\/diario\/wp-json\/wp\/v2\/posts\/69415\/revisions"}],"predecessor-version":[{"id":69417,"href":"http:\/\/elurbanoweb.com.ar\/diario\/wp-json\/wp\/v2\/posts\/69415\/revisions\/69417"}],"wp:featuredmedia":[{"embeddable":true,"href":"http:\/\/elurbanoweb.com.ar\/diario\/wp-json\/wp\/v2\/media\/69416"}],"wp:attachment":[{"href":"http:\/\/elurbanoweb.com.ar\/diario\/wp-json\/wp\/v2\/media?parent=69415"}],"wp:term":[{"taxonomy":"category","embeddable":true,"href":"http:\/\/elurbanoweb.com.ar\/diario\/wp-json\/wp\/v2\/categories?post=69415"},{"taxonomy":"post_tag","embeddable":true,"href":"http:\/\/elurbanoweb.com.ar\/diario\/wp-json\/wp\/v2\/tags?post=69415"}],"curies":[{"name":"wp","href":"https:\/\/api.w.org\/{rel}","templated":true}]}}