{"id":69418,"date":"2026-04-27T10:16:30","date_gmt":"2026-04-27T13:16:30","guid":{"rendered":"https:\/\/elurbanoweb.com.ar\/diario\/?p=69418"},"modified":"2026-04-27T10:16:30","modified_gmt":"2026-04-27T13:16:30","slug":"la-municipalidad-informo-que-el-feriado-se-cumplira-con-el-servicio-de-recoleccion-de-residuos","status":"publish","type":"post","link":"http:\/\/elurbanoweb.com.ar\/diario\/la-municipalidad-informo-que-el-feriado-se-cumplira-con-el-servicio-de-recoleccion-de-residuos\/","title":{"rendered":"La Municipalidad inform\u00f3 que el feriado se cumplir\u00e1 con el servicio de recolecci\u00f3n de residuos"},"content":{"rendered":"<p>La Direcci\u00f3n de Servicios Urbanos de la Municipalidad del Capital inform\u00f3 que la recolecci\u00f3n de residuos domiciliarias durante ese 27 de abril, feriado por el D\u00eda de Autonom\u00eda Provincial, se cumplir\u00e1 de manera normal.<\/p>\n<p><img loading=\"lazy\" decoding=\"async\" class=\"alignnone wp-image-69419 size-large\" src=\"http:\/\/elurbanoweb.com.ar\/diario\/wp-content\/uploads\/2026\/04\/feriado2-1024x576.jpg\" alt=\"\" width=\"1024\" height=\"576\" srcset=\"http:\/\/elurbanoweb.com.ar\/diario\/wp-content\/uploads\/2026\/04\/feriado2-1024x576.jpg 1024w, http:\/\/elurbanoweb.com.ar\/diario\/wp-content\/uploads\/2026\/04\/feriado2-300x169.jpg 300w, http:\/\/elurbanoweb.com.ar\/diario\/wp-content\/uploads\/2026\/04\/feriado2-150x84.jpg 150w, http:\/\/elurbanoweb.com.ar\/diario\/wp-content\/uploads\/2026\/04\/feriado2.jpg 1280w\" sizes=\"auto, (max-width: 1024px) 100vw, 1024px\" \/><\/p>\n<p><!--more--> Por lo tanto, el personal municipal y los camiones compactadores desarrollar\u00e1n sus tareas en los horarios y recorridos habituales para cada barrio.<\/p>\n<p>La repartici\u00f3n tambi\u00e9n record\u00f3 a los vecinos dejar en los cestos los residuos debidamente embolsados minutos antes del paso de los camiones.<\/p>\n","protected":false},"excerpt":{"rendered":"<p>La Direcci\u00f3n de Servicios Urbanos de la Municipalidad del Capital inform\u00f3 que la recolecci\u00f3n de residuos domiciliarias durante ese 27 de abril, feriado por el D\u00eda de Autonom\u00eda Provincial, se&hellip; <\/p>\n","protected":false},"author":1,"featured_media":69419,"comment_status":"closed","ping_status":"closed","sticky":false,"template":"","format":"standard","meta":{"footnotes":""},"categories":[3],"tags":[],"class_list":["post-69418","post","type-post","status-publish","format-standard","has-post-thumbnail","hentry","category-municipio"],"_links":{"self":[{"href":"http:\/\/elurbanoweb.com.ar\/diario\/wp-json\/wp\/v2\/posts\/69418","targetHints":{"allow":["GET"]}}],"collection":[{"href":"http:\/\/elurbanoweb.com.ar\/diario\/wp-json\/wp\/v2\/posts"}],"about":[{"href":"http:\/\/elurbanoweb.com.ar\/diario\/wp-json\/wp\/v2\/types\/post"}],"author":[{"embeddable":true,"href":"http:\/\/elurbanoweb.com.ar\/diario\/wp-json\/wp\/v2\/users\/1"}],"replies":[{"embeddable":true,"href":"http:\/\/elurbanoweb.com.ar\/diario\/wp-json\/wp\/v2\/comments?post=69418"}],"version-history":[{"count":1,"href":"http:\/\/elurbanoweb.com.ar\/diario\/wp-json\/wp\/v2\/posts\/69418\/revisions"}],"predecessor-version":[{"id":69420,"href":"http:\/\/elurbanoweb.com.ar\/diario\/wp-json\/wp\/v2\/posts\/69418\/revisions\/69420"}],"wp:featuredmedia":[{"embeddable":true,"href":"http:\/\/elurbanoweb.com.ar\/diario\/wp-json\/wp\/v2\/media\/69419"}],"wp:attachment":[{"href":"http:\/\/elurbanoweb.com.ar\/diario\/wp-json\/wp\/v2\/media?parent=69418"}],"wp:term":[{"taxonomy":"category","embeddable":true,"href":"http:\/\/elurbanoweb.com.ar\/diario\/wp-json\/wp\/v2\/categories?post=69418"},{"taxonomy":"post_tag","embeddable":true,"href":"http:\/\/elurbanoweb.com.ar\/diario\/wp-json\/wp\/v2\/tags?post=69418"}],"curies":[{"name":"wp","href":"https:\/\/api.w.org\/{rel}","templated":true}]}}