{"id":69421,"date":"2026-04-27T10:19:22","date_gmt":"2026-04-27T13:19:22","guid":{"rendered":"https:\/\/elurbanoweb.com.ar\/diario\/?p=69421"},"modified":"2026-04-27T10:19:22","modified_gmt":"2026-04-27T13:19:22","slug":"la-municipalidad-comunico-los-barrios-en-donde-se-trabajara-esta-semana-con-las-fumigaciones-preventivas","status":"publish","type":"post","link":"http:\/\/elurbanoweb.com.ar\/diario\/la-municipalidad-comunico-los-barrios-en-donde-se-trabajara-esta-semana-con-las-fumigaciones-preventivas\/","title":{"rendered":"La Municipalidad comunic\u00f3 los barrios en donde se trabajar\u00e1 esta semana con las fumigaciones preventivas"},"content":{"rendered":"<p>La Direcci\u00f3n de Calidad de Vida de la Municipalidad de la Capital comunic\u00f3 su cronograma de fumigaciones para esta semana y los barrios que abarcar\u00e1, dando continuidad a su programa anual de acciones preventivas.<\/p>\n<p><img loading=\"lazy\" decoding=\"async\" class=\"alignnone wp-image-69422 size-large\" src=\"http:\/\/elurbanoweb.com.ar\/diario\/wp-content\/uploads\/2026\/04\/gaucho-1024x768.jpg\" alt=\"\" width=\"1024\" height=\"768\" srcset=\"http:\/\/elurbanoweb.com.ar\/diario\/wp-content\/uploads\/2026\/04\/gaucho-1024x768.jpg 1024w, http:\/\/elurbanoweb.com.ar\/diario\/wp-content\/uploads\/2026\/04\/gaucho-300x225.jpg 300w, http:\/\/elurbanoweb.com.ar\/diario\/wp-content\/uploads\/2026\/04\/gaucho-150x113.jpg 150w, http:\/\/elurbanoweb.com.ar\/diario\/wp-content\/uploads\/2026\/04\/gaucho-1536x1152.jpg 1536w, http:\/\/elurbanoweb.com.ar\/diario\/wp-content\/uploads\/2026\/04\/gaucho.jpg 1600w\" sizes=\"auto, (max-width: 1024px) 100vw, 1024px\" \/><\/p>\n<p><!--more--> Este lunes se trabajar\u00e1 en los barrios Almirante Brown (Jerarquizado Municipal, amp. 100 viv., Duplex), Islas Malvinas (sector Duplex y Parque de la Paz), Jard\u00edn, Los Flores (todas sus ampliaciones y Virgen de Guadalupe) y La Costa.<\/p>\n<p>El martes ser\u00e1 el turno de los barrios Cabildo (Ciudad del Ni\u00f1o), Belgrano (Palomar), 8 de Abril, C\u00e1ceres, Independencia (Ulluas, Telef\u00f3nicos, Parque del Rio I, II, III), Reconquista y La Cat\u00f3lica.<\/p>\n<p>El mi\u00e9rcoles las tareas se localizar\u00e1n en los barrios Centro, Alberdi, Sargento Cabral, Lomas del Golf (sectores Rivera y Altos), Parque Aguirre, Juan XXIII (sector Tri\u00e1ngulo) y San Francisco.<\/p>\n<p>El jueves las fumugaciones ser\u00e1n en los barrios Aeropuerto (todas sus ampliaci\u00f3nes), Borges (Villa Borges, 1\u00b0 y 2\u00b0 ampliaci\u00f3n, Coesa) y Huaico Hondo (sector Tarapaya y villa Tranquila).<\/p>\n","protected":false},"excerpt":{"rendered":"<p>La Direcci\u00f3n de Calidad de Vida de la Municipalidad de la Capital comunic\u00f3 su cronograma de fumigaciones para esta semana y los barrios que abarcar\u00e1, dando continuidad a su programa&hellip; <\/p>\n","protected":false},"author":1,"featured_media":69422,"comment_status":"closed","ping_status":"closed","sticky":false,"template":"","format":"standard","meta":{"footnotes":""},"categories":[3],"tags":[],"class_list":["post-69421","post","type-post","status-publish","format-standard","has-post-thumbnail","hentry","category-municipio"],"_links":{"self":[{"href":"http:\/\/elurbanoweb.com.ar\/diario\/wp-json\/wp\/v2\/posts\/69421","targetHints":{"allow":["GET"]}}],"collection":[{"href":"http:\/\/elurbanoweb.com.ar\/diario\/wp-json\/wp\/v2\/posts"}],"about":[{"href":"http:\/\/elurbanoweb.com.ar\/diario\/wp-json\/wp\/v2\/types\/post"}],"author":[{"embeddable":true,"href":"http:\/\/elurbanoweb.com.ar\/diario\/wp-json\/wp\/v2\/users\/1"}],"replies":[{"embeddable":true,"href":"http:\/\/elurbanoweb.com.ar\/diario\/wp-json\/wp\/v2\/comments?post=69421"}],"version-history":[{"count":1,"href":"http:\/\/elurbanoweb.com.ar\/diario\/wp-json\/wp\/v2\/posts\/69421\/revisions"}],"predecessor-version":[{"id":69423,"href":"http:\/\/elurbanoweb.com.ar\/diario\/wp-json\/wp\/v2\/posts\/69421\/revisions\/69423"}],"wp:featuredmedia":[{"embeddable":true,"href":"http:\/\/elurbanoweb.com.ar\/diario\/wp-json\/wp\/v2\/media\/69422"}],"wp:attachment":[{"href":"http:\/\/elurbanoweb.com.ar\/diario\/wp-json\/wp\/v2\/media?parent=69421"}],"wp:term":[{"taxonomy":"category","embeddable":true,"href":"http:\/\/elurbanoweb.com.ar\/diario\/wp-json\/wp\/v2\/categories?post=69421"},{"taxonomy":"post_tag","embeddable":true,"href":"http:\/\/elurbanoweb.com.ar\/diario\/wp-json\/wp\/v2\/tags?post=69421"}],"curies":[{"name":"wp","href":"https:\/\/api.w.org\/{rel}","templated":true}]}}