{"id":69424,"date":"2026-04-27T10:20:58","date_gmt":"2026-04-27T13:20:58","guid":{"rendered":"https:\/\/elurbanoweb.com.ar\/diario\/?p=69424"},"modified":"2026-04-27T10:20:58","modified_gmt":"2026-04-27T13:20:58","slug":"el-gobernador-elias-suarez-encabezo-el-acto-por-el-dia-de-la-autonomia-provincial","status":"publish","type":"post","link":"http:\/\/elurbanoweb.com.ar\/diario\/el-gobernador-elias-suarez-encabezo-el-acto-por-el-dia-de-la-autonomia-provincial\/","title":{"rendered":"El gobernador El\u00edas Su\u00e1rez encabez\u00f3 el acto por el D\u00eda de la Autonom\u00eda Provincial"},"content":{"rendered":"<p>La ciudad Capital fue escenario este lunes del acto central por el 206\u00b0 aniversario de la Autonom\u00eda Santiague\u00f1a, con una intensa agenda de actividades oficiales que comenzaron a las 8:30 en la Plaza Libertad y continuaron en el Parque Aguirre.<\/p>\n<p><img loading=\"lazy\" decoding=\"async\" class=\"alignnone wp-image-69425 size-large\" src=\"http:\/\/elurbanoweb.com.ar\/diario\/wp-content\/uploads\/2026\/04\/autonomia3-1024x684.jpeg\" alt=\"\" width=\"1024\" height=\"684\" srcset=\"http:\/\/elurbanoweb.com.ar\/diario\/wp-content\/uploads\/2026\/04\/autonomia3-1024x684.jpeg 1024w, http:\/\/elurbanoweb.com.ar\/diario\/wp-content\/uploads\/2026\/04\/autonomia3-300x200.jpeg 300w, http:\/\/elurbanoweb.com.ar\/diario\/wp-content\/uploads\/2026\/04\/autonomia3-150x100.jpeg 150w, http:\/\/elurbanoweb.com.ar\/diario\/wp-content\/uploads\/2026\/04\/autonomia3-1536x1026.jpeg 1536w, http:\/\/elurbanoweb.com.ar\/diario\/wp-content\/uploads\/2026\/04\/autonomia3.jpeg 1600w\" sizes=\"auto, (max-width: 1024px) 100vw, 1024px\" \/><\/p>\n<p><!--more--><\/p>\n<p>El jefe de Gabinete de Ministros, El\u00edas Su\u00e1rez, presidi\u00f3 la ceremonia en representaci\u00f3n del Ejecutivo provincial. Estuvo acompa\u00f1ado por el senador nacional Gerardo Zamora, adem\u00e1s de ministros, secretarios y autoridades de fuerzas de seguridad.<\/p>\n<p>El protocolo incluy\u00f3 el izamiento de las banderas nacional y provincial y la colocaci\u00f3n de ofrendas florales ante los bustos de Juan Francisco Borges, precursor de la gesta autonomista, y Juan Felipe Ibarra, figura clave de la soberan\u00eda santiague\u00f1a. En ese marco, el director de Patrimonio Cultural, Alejandro Yocca, brind\u00f3 palabras alusivas con una s\u00edntesis hist\u00f3rica sobre la relevancia del 27 de abril de 1820.<\/p>\n<p>Uno de los momentos m\u00e1s destacados fue la jura de fidelidad a la bandera provincial por parte de los cadetes del Liceo Policial \u201cJuan Francisco Borges\u201d. Luego, los j\u00f3venes protagonizaron un desfile de honor acompa\u00f1ado por la banda de m\u00fasica, como cierre de la ceremonia, que tambi\u00e9n cont\u00f3 con una invocaci\u00f3n religiosa a cargo del sacerdote Luis Cruz.<\/p>\n<p>Las actividades continuaron en el Parque Aguirre, en la intersecci\u00f3n de Olaechea y Avellaneda, donde autoridades locales y municipales acompa\u00f1aron el acto conmemorativo.<\/p>\n<p>Finalizado el homenaje, la comitiva oficial se traslad\u00f3 a la C\u00e1mara de Diputados de la Provincia, donde el gobernador brindar\u00e1 su primer mensaje anual en una sesi\u00f3n especial. Se trata de una instancia clave en la agenda pol\u00edtica, en la que se espera un balance de gesti\u00f3n y definiciones para el 2026.<\/p>\n<p>En ese contexto, crece la expectativa entre los trabajadores estatales por la posible confirmaci\u00f3n de un bono para la administraci\u00f3n p\u00fablica, un anuncio que podr\u00eda formar parte del discurso oficial en un escenario econ\u00f3mico que mantiene en alerta a distintos sectores.<\/p>\n","protected":false},"excerpt":{"rendered":"<p>La ciudad Capital fue escenario este lunes del acto central por el 206\u00b0 aniversario de la Autonom\u00eda Santiague\u00f1a, con una intensa agenda de actividades oficiales que comenzaron a las 8:30&hellip; <\/p>\n","protected":false},"author":1,"featured_media":69425,"comment_status":"closed","ping_status":"closed","sticky":false,"template":"","format":"standard","meta":{"footnotes":""},"categories":[2],"tags":[],"class_list":["post-69424","post","type-post","status-publish","format-standard","has-post-thumbnail","hentry","category-gobierno"],"_links":{"self":[{"href":"http:\/\/elurbanoweb.com.ar\/diario\/wp-json\/wp\/v2\/posts\/69424","targetHints":{"allow":["GET"]}}],"collection":[{"href":"http:\/\/elurbanoweb.com.ar\/diario\/wp-json\/wp\/v2\/posts"}],"about":[{"href":"http:\/\/elurbanoweb.com.ar\/diario\/wp-json\/wp\/v2\/types\/post"}],"author":[{"embeddable":true,"href":"http:\/\/elurbanoweb.com.ar\/diario\/wp-json\/wp\/v2\/users\/1"}],"replies":[{"embeddable":true,"href":"http:\/\/elurbanoweb.com.ar\/diario\/wp-json\/wp\/v2\/comments?post=69424"}],"version-history":[{"count":1,"href":"http:\/\/elurbanoweb.com.ar\/diario\/wp-json\/wp\/v2\/posts\/69424\/revisions"}],"predecessor-version":[{"id":69426,"href":"http:\/\/elurbanoweb.com.ar\/diario\/wp-json\/wp\/v2\/posts\/69424\/revisions\/69426"}],"wp:featuredmedia":[{"embeddable":true,"href":"http:\/\/elurbanoweb.com.ar\/diario\/wp-json\/wp\/v2\/media\/69425"}],"wp:attachment":[{"href":"http:\/\/elurbanoweb.com.ar\/diario\/wp-json\/wp\/v2\/media?parent=69424"}],"wp:term":[{"taxonomy":"category","embeddable":true,"href":"http:\/\/elurbanoweb.com.ar\/diario\/wp-json\/wp\/v2\/categories?post=69424"},{"taxonomy":"post_tag","embeddable":true,"href":"http:\/\/elurbanoweb.com.ar\/diario\/wp-json\/wp\/v2\/tags?post=69424"}],"curies":[{"name":"wp","href":"https:\/\/api.w.org\/{rel}","templated":true}]}}