{"id":69428,"date":"2026-04-27T13:36:18","date_gmt":"2026-04-27T16:36:18","guid":{"rendered":"https:\/\/elurbanoweb.com.ar\/diario\/?p=69428"},"modified":"2026-04-27T13:36:18","modified_gmt":"2026-04-27T16:36:18","slug":"el-senador-gerardo-zamora-resalto-el-rumbo-de-previsibilidad-del-gobernador-elias-suarez","status":"publish","type":"post","link":"http:\/\/elurbanoweb.com.ar\/diario\/el-senador-gerardo-zamora-resalto-el-rumbo-de-previsibilidad-del-gobernador-elias-suarez\/","title":{"rendered":"El senador Gerardo Zamora resalt\u00f3 el \u201crumbo de previsibilidad\u201d del gobernador El\u00edas Su\u00e1rez"},"content":{"rendered":"<p>El ex primer mandatario santiague\u00f1o destac\u00f3 la importancia del mensaje que brind\u00f3 el titular del Poder Ejecutivo de Santiago del Estero.<\/p>\n<p><img loading=\"lazy\" decoding=\"async\" class=\"alignnone wp-image-69429 size-full\" src=\"http:\/\/elurbanoweb.com.ar\/diario\/wp-content\/uploads\/2026\/04\/zamora21.jpg\" alt=\"\" width=\"1010\" height=\"567\" srcset=\"http:\/\/elurbanoweb.com.ar\/diario\/wp-content\/uploads\/2026\/04\/zamora21.jpg 1010w, http:\/\/elurbanoweb.com.ar\/diario\/wp-content\/uploads\/2026\/04\/zamora21-300x168.jpg 300w, http:\/\/elurbanoweb.com.ar\/diario\/wp-content\/uploads\/2026\/04\/zamora21-150x84.jpg 150w\" sizes=\"auto, (max-width: 1010px) 100vw, 1010px\" \/><\/p>\n<p><!--more--><\/p>\n<p>Tal como estaba previsto, este lunes 27 de abril el gobernador El\u00edas Su\u00e1rez brind\u00f3 su mensaje anual en la Legislatura santiague\u00f1a, en un d\u00eda clave por un nuevo aniversario de la Autonom\u00eda Provincial.<\/p>\n<p>Ante autoridades, funcionarios e invitados especiales, el primer mandatario santiague\u00f1o se refiri\u00f3 a todo lo realizado durante su gesti\u00f3n y proyect\u00f3 el trabajo en distintas \u00e1reas que se materializar\u00e1n en los pr\u00f3ximos meses.<\/p>\n<p>Las palabras de Su\u00e1rez fueron elogiadas por el senador Gerardo Zamora, quien resalt\u00f3 el \u201crumbo de previsibilidad\u201d marcado por el gobernador. Zamora destac\u00f3 la gesti\u00f3n del Ejecutivo santiague\u00f1o en un contexto nacional dif\u00edcil. \u201cEstamos en un 27 de abril que nos proyecta en esta historia hacia el futuro\u201d, sentenci\u00f3.<\/p>\n","protected":false},"excerpt":{"rendered":"<p>El ex primer mandatario santiague\u00f1o destac\u00f3 la importancia del mensaje que brind\u00f3 el titular del Poder Ejecutivo de Santiago del Estero.<\/p>\n","protected":false},"author":1,"featured_media":69429,"comment_status":"closed","ping_status":"closed","sticky":false,"template":"","format":"standard","meta":{"footnotes":""},"categories":[2],"tags":[],"class_list":["post-69428","post","type-post","status-publish","format-standard","has-post-thumbnail","hentry","category-gobierno"],"_links":{"self":[{"href":"http:\/\/elurbanoweb.com.ar\/diario\/wp-json\/wp\/v2\/posts\/69428","targetHints":{"allow":["GET"]}}],"collection":[{"href":"http:\/\/elurbanoweb.com.ar\/diario\/wp-json\/wp\/v2\/posts"}],"about":[{"href":"http:\/\/elurbanoweb.com.ar\/diario\/wp-json\/wp\/v2\/types\/post"}],"author":[{"embeddable":true,"href":"http:\/\/elurbanoweb.com.ar\/diario\/wp-json\/wp\/v2\/users\/1"}],"replies":[{"embeddable":true,"href":"http:\/\/elurbanoweb.com.ar\/diario\/wp-json\/wp\/v2\/comments?post=69428"}],"version-history":[{"count":1,"href":"http:\/\/elurbanoweb.com.ar\/diario\/wp-json\/wp\/v2\/posts\/69428\/revisions"}],"predecessor-version":[{"id":69430,"href":"http:\/\/elurbanoweb.com.ar\/diario\/wp-json\/wp\/v2\/posts\/69428\/revisions\/69430"}],"wp:featuredmedia":[{"embeddable":true,"href":"http:\/\/elurbanoweb.com.ar\/diario\/wp-json\/wp\/v2\/media\/69429"}],"wp:attachment":[{"href":"http:\/\/elurbanoweb.com.ar\/diario\/wp-json\/wp\/v2\/media?parent=69428"}],"wp:term":[{"taxonomy":"category","embeddable":true,"href":"http:\/\/elurbanoweb.com.ar\/diario\/wp-json\/wp\/v2\/categories?post=69428"},{"taxonomy":"post_tag","embeddable":true,"href":"http:\/\/elurbanoweb.com.ar\/diario\/wp-json\/wp\/v2\/tags?post=69428"}],"curies":[{"name":"wp","href":"https:\/\/api.w.org\/{rel}","templated":true}]}}