{"id":69431,"date":"2026-04-27T13:37:34","date_gmt":"2026-04-27T16:37:34","guid":{"rendered":"https:\/\/elurbanoweb.com.ar\/diario\/?p=69431"},"modified":"2026-04-27T13:37:34","modified_gmt":"2026-04-27T16:37:34","slug":"el-gobernador-anuncio-un-bono-de-600-mil-por-el-dia-del-trabajador-y-un-refuerzo-de-12-millones-para-empleados-publicos","status":"publish","type":"post","link":"http:\/\/elurbanoweb.com.ar\/diario\/el-gobernador-anuncio-un-bono-de-600-mil-por-el-dia-del-trabajador-y-un-refuerzo-de-12-millones-para-empleados-publicos\/","title":{"rendered":"El gobernador anunci\u00f3 un bono de $600 mil por el D\u00eda del Trabajador y un refuerzo de $1,2 millones para empleados p\u00fablicos"},"content":{"rendered":"<p>El gobernador El\u00edas Su\u00e1rez anunci\u00f3 durante su mensaje anual, un paquete de medidas destinado a fortalecer el poder adquisitivo de los empleados p\u00fablicos provinciales, que incluye el pago de sumas extraordinarias y la confirmaci\u00f3n del calendario salarial.<\/p>\n<p><img loading=\"lazy\" decoding=\"async\" class=\"alignnone wp-image-69432 size-large\" src=\"http:\/\/elurbanoweb.com.ar\/diario\/wp-content\/uploads\/2026\/04\/gobernador3-1024x576.jpg\" alt=\"\" width=\"1024\" height=\"576\" srcset=\"http:\/\/elurbanoweb.com.ar\/diario\/wp-content\/uploads\/2026\/04\/gobernador3-1024x576.jpg 1024w, http:\/\/elurbanoweb.com.ar\/diario\/wp-content\/uploads\/2026\/04\/gobernador3-300x169.jpg 300w, http:\/\/elurbanoweb.com.ar\/diario\/wp-content\/uploads\/2026\/04\/gobernador3-150x84.jpg 150w, http:\/\/elurbanoweb.com.ar\/diario\/wp-content\/uploads\/2026\/04\/gobernador3.jpg 1280w\" sizes=\"auto, (max-width: 1024px) 100vw, 1024px\" \/><\/p>\n<p><!--more--><\/p>\n<p>Confirm\u00f3 que los trabajadores de la administraci\u00f3n p\u00fablica percibir\u00e1n un bono por el D\u00eda del Trabajador de $600.000, que estar\u00e1 disponible a partir del 30 de abril. A esto se suma el pago de haberes correspondientes al mes en curso, previsto para los d\u00edas 28 y 29, respetando el cronograma habitual.<\/p>\n<p>Adem\u00e1s, el mandatario tambi\u00e9n anuncio la implementaci\u00f3n de un bono aguinaldo por un total de $1.200.000, que ser\u00e1 abonado en dos tramos iguales de $600.000 durante los meses de junio y julio.<\/p>\n<p>Por otra parte, se ratific\u00f3 la continuidad del bono de fin de a\u00f1o, el cual se pagar\u00e1 en tres cuotas, aunque el monto ser\u00e1 definido y anunciado m\u00e1s adelante.<\/p>\n<p>Al referirse al alcance de estas medidas, Su\u00e1rez subray\u00f3 su impacto directo en la econom\u00eda provincial, destacando que los recursos destinados a los trabajadores \u201cse transforman en consumo, impulsando el comercio, fortaleciendo a las pymes y generando mayor actividad econ\u00f3mica\u201d.<\/p>\n<p>En esa l\u00ednea, sostuvo que la pol\u00edtica salarial no solo apunta a acompa\u00f1ar a los empleados p\u00fablicos, sino tambi\u00e9n a dinamizar el mercado interno y sostener el desarrollo productivo en todo el territorio provincial.<\/p>\n","protected":false},"excerpt":{"rendered":"<p>El gobernador El\u00edas Su\u00e1rez anunci\u00f3 durante su mensaje anual, un paquete de medidas destinado a fortalecer el poder adquisitivo de los empleados p\u00fablicos provinciales, que incluye el pago de sumas&hellip; <\/p>\n","protected":false},"author":1,"featured_media":69432,"comment_status":"closed","ping_status":"closed","sticky":false,"template":"","format":"standard","meta":{"footnotes":""},"categories":[2],"tags":[],"class_list":["post-69431","post","type-post","status-publish","format-standard","has-post-thumbnail","hentry","category-gobierno"],"_links":{"self":[{"href":"http:\/\/elurbanoweb.com.ar\/diario\/wp-json\/wp\/v2\/posts\/69431","targetHints":{"allow":["GET"]}}],"collection":[{"href":"http:\/\/elurbanoweb.com.ar\/diario\/wp-json\/wp\/v2\/posts"}],"about":[{"href":"http:\/\/elurbanoweb.com.ar\/diario\/wp-json\/wp\/v2\/types\/post"}],"author":[{"embeddable":true,"href":"http:\/\/elurbanoweb.com.ar\/diario\/wp-json\/wp\/v2\/users\/1"}],"replies":[{"embeddable":true,"href":"http:\/\/elurbanoweb.com.ar\/diario\/wp-json\/wp\/v2\/comments?post=69431"}],"version-history":[{"count":1,"href":"http:\/\/elurbanoweb.com.ar\/diario\/wp-json\/wp\/v2\/posts\/69431\/revisions"}],"predecessor-version":[{"id":69433,"href":"http:\/\/elurbanoweb.com.ar\/diario\/wp-json\/wp\/v2\/posts\/69431\/revisions\/69433"}],"wp:featuredmedia":[{"embeddable":true,"href":"http:\/\/elurbanoweb.com.ar\/diario\/wp-json\/wp\/v2\/media\/69432"}],"wp:attachment":[{"href":"http:\/\/elurbanoweb.com.ar\/diario\/wp-json\/wp\/v2\/media?parent=69431"}],"wp:term":[{"taxonomy":"category","embeddable":true,"href":"http:\/\/elurbanoweb.com.ar\/diario\/wp-json\/wp\/v2\/categories?post=69431"},{"taxonomy":"post_tag","embeddable":true,"href":"http:\/\/elurbanoweb.com.ar\/diario\/wp-json\/wp\/v2\/tags?post=69431"}],"curies":[{"name":"wp","href":"https:\/\/api.w.org\/{rel}","templated":true}]}}