{"id":69434,"date":"2026-04-27T13:39:06","date_gmt":"2026-04-27T16:39:06","guid":{"rendered":"https:\/\/elurbanoweb.com.ar\/diario\/?p=69434"},"modified":"2026-04-27T13:39:06","modified_gmt":"2026-04-27T16:39:06","slug":"silva-neder-el-mensaje-del-gobernador-ratifica-un-modelo-de-gestion-y-un-estado-presente-que-acompana-a-todos-los-santiaguenos","status":"publish","type":"post","link":"http:\/\/elurbanoweb.com.ar\/diario\/silva-neder-el-mensaje-del-gobernador-ratifica-un-modelo-de-gestion-y-un-estado-presente-que-acompana-a-todos-los-santiaguenos\/","title":{"rendered":"Silva Neder: \u201cEl mensaje del gobernador ratifica un modelo de gesti\u00f3n y un Estado presente que acompa\u00f1a a todos los santiague\u00f1os\u201d"},"content":{"rendered":"<p>El vicegobernador destac\u00f3 los anuncios econ\u00f3micos realizados por el gobernador El\u00edas Su\u00e1rez y asegur\u00f3 que reflejan un modelo de gesti\u00f3n con equilibrio financiero, di\u00e1logo permanente y un Estado presente que prioriza a los trabajadores y a la econom\u00eda local.<\/p>\n<p><img loading=\"lazy\" decoding=\"async\" class=\"alignnone wp-image-69435 size-full\" src=\"http:\/\/elurbanoweb.com.ar\/diario\/wp-content\/uploads\/2026\/04\/vice2.jpg\" alt=\"\" width=\"1010\" height=\"567\" srcset=\"http:\/\/elurbanoweb.com.ar\/diario\/wp-content\/uploads\/2026\/04\/vice2.jpg 1010w, http:\/\/elurbanoweb.com.ar\/diario\/wp-content\/uploads\/2026\/04\/vice2-300x168.jpg 300w, http:\/\/elurbanoweb.com.ar\/diario\/wp-content\/uploads\/2026\/04\/vice2-150x84.jpg 150w\" sizes=\"auto, (max-width: 1010px) 100vw, 1010px\" \/><\/p>\n<p><!--more--><\/p>\n<p>En el marco del Mensaje Anual brindado por el gobernador de la provincia, Dr. El\u00edas Miguel Su\u00e1rez, el vicegobernador y titular del Poder Legislativo, Dr. Carlos Silva Neder, realiz\u00f3 un pormenorizado an\u00e1lisis de los anuncios econ\u00f3micos.<\/p>\n<p>Con un discurso centrado en la previsibilidad, Silva Neder fue categ\u00f3rico al afirmar que la gesti\u00f3n del Ejecutivo \u201cratifica un modelo de gesti\u00f3n y un Estado presente\u201d que act\u00faa como protector de los intereses de todos los santiague\u00f1os.<\/p>\n<p>Un Estado que articula y acompa\u00f1a<\/p>\n<p>El vicegobernador ponder\u00f3 el impacto directo del paquete de medidas, que incluye el pago de un bono de $600.000 por el D\u00eda del Trabajador (disponible desde el 30 de abril), la acreditaci\u00f3n de los sueldos de abril los d\u00edas 28 y 29, y un bono \u201caguinaldo\u201d de $1.200.000, a percibirse en dos tramos durante los meses de junio y julio.<\/p>\n<p>Asimismo, resalt\u00f3 la ratificaci\u00f3n del bono de fin de a\u00f1o, cuyo monto ser\u00e1 definido oportunamente.<\/p>\n<p>\u201cEstamos ante un Estado presente que articula, que acompa\u00f1a y que tiene un compromiso inquebrantable con cada santiague\u00f1o y con los trabajadores. Este equilibrio financiero es el que brinda la posibilidad real de hacer anuncios de esta magnitud en un contexto nacional complejo\u201d, subray\u00f3 Silva Neder.<\/p>\n<p>Continuidad y solvencia administrativa<\/p>\n<p>Para el titular de la Legislatura, la viabilidad de estos beneficios es fruto de una pol\u00edtica sostenida en el tiempo.<\/p>\n<p>\u201cEs fundamental remarcar que esta realidad es posible gracias a la eficiente administraci\u00f3n de los recursos p\u00fablicos que se inici\u00f3 con la gesti\u00f3n de Gerardo Zamora, que tuvo continuidad y firmeza con la exgobernadora Claudia Ledesma Abdala de Zamora, y que hoy se ve ratificada y fortalecida bajo la conducci\u00f3n del gobernador El\u00edas Miguel Su\u00e1rez\u201d, enfatiz\u00f3.<\/p>\n<p>Paz social y el valor del di\u00e1logo<br \/>\nOtro eje central destacado por Silva Neder fue la consolidaci\u00f3n de la paz social a trav\u00e9s de la Mesa de Di\u00e1logo y Trabajo.<\/p>\n<p>El funcionario elogi\u00f3 la predisposici\u00f3n de las entidades gremiales para alcanzar acuerdos superadores que benefician a la familia estatal.<\/p>\n<p>\u201cUna vez m\u00e1s, sentados en la mesa de di\u00e1logo, hemos demostrado que el consenso es la herramienta para el progreso. La relaci\u00f3n con los gremios es de respeto y construcci\u00f3n constante\u201d, afirm\u00f3.<\/p>\n<p>Prioridad en pol\u00edticas p\u00fablicas estrat\u00e9gicas<br \/>\nEn este sentido, Silva Neder asegur\u00f3 que el mensaje gubernamental ratifica un modelo de provincia que, a pesar de la compleja situaci\u00f3n que se atraviesa a nivel nacional, sostiene con firmeza la inversi\u00f3n en \u00e1reas clave.<\/p>\n<p>\u201cEstamos reafirmando un camino donde la salud, la educaci\u00f3n, el acceso a la vivienda y el fomento del deporte siguen siendo las prioridades absolutas de nuestra agenda. Son pol\u00edticas p\u00fablicas que garantizan derechos y generan igualdad de oportunidades para todos los habitantes de Santiago del Estero\u201d, sostuvo.<\/p>\n<p>Motor de la econom\u00eda local<br \/>\nFinalmente, Silva Neder explic\u00f3 que este flujo de recursos no solo dignifica al empleado p\u00fablico, sino que tambi\u00e9n funciona como un potente inyector de liquidez para el comercio local.<\/p>\n<p>\u201cLa inyecci\u00f3n inmediata de fondos, como el pago de los sueldos el 28 y 29 de abril y el bono del pr\u00f3ximo 30 de abril, moviliza toda la econom\u00eda santiague\u00f1a. Santiago del Estero sigue demostrando que, con cuentas ordenadas y sensibilidad social, se puede y se debe gobernar a favor de la gente\u201d, concluy\u00f3.<\/p>\n","protected":false},"excerpt":{"rendered":"<p>El vicegobernador destac\u00f3 los anuncios econ\u00f3micos realizados por el gobernador El\u00edas Su\u00e1rez y asegur\u00f3 que reflejan un modelo de gesti\u00f3n con equilibrio financiero, di\u00e1logo permanente y un Estado presente que&hellip; <\/p>\n","protected":false},"author":1,"featured_media":69435,"comment_status":"closed","ping_status":"closed","sticky":false,"template":"","format":"standard","meta":{"footnotes":""},"categories":[2],"tags":[],"class_list":["post-69434","post","type-post","status-publish","format-standard","has-post-thumbnail","hentry","category-gobierno"],"_links":{"self":[{"href":"http:\/\/elurbanoweb.com.ar\/diario\/wp-json\/wp\/v2\/posts\/69434","targetHints":{"allow":["GET"]}}],"collection":[{"href":"http:\/\/elurbanoweb.com.ar\/diario\/wp-json\/wp\/v2\/posts"}],"about":[{"href":"http:\/\/elurbanoweb.com.ar\/diario\/wp-json\/wp\/v2\/types\/post"}],"author":[{"embeddable":true,"href":"http:\/\/elurbanoweb.com.ar\/diario\/wp-json\/wp\/v2\/users\/1"}],"replies":[{"embeddable":true,"href":"http:\/\/elurbanoweb.com.ar\/diario\/wp-json\/wp\/v2\/comments?post=69434"}],"version-history":[{"count":1,"href":"http:\/\/elurbanoweb.com.ar\/diario\/wp-json\/wp\/v2\/posts\/69434\/revisions"}],"predecessor-version":[{"id":69436,"href":"http:\/\/elurbanoweb.com.ar\/diario\/wp-json\/wp\/v2\/posts\/69434\/revisions\/69436"}],"wp:featuredmedia":[{"embeddable":true,"href":"http:\/\/elurbanoweb.com.ar\/diario\/wp-json\/wp\/v2\/media\/69435"}],"wp:attachment":[{"href":"http:\/\/elurbanoweb.com.ar\/diario\/wp-json\/wp\/v2\/media?parent=69434"}],"wp:term":[{"taxonomy":"category","embeddable":true,"href":"http:\/\/elurbanoweb.com.ar\/diario\/wp-json\/wp\/v2\/categories?post=69434"},{"taxonomy":"post_tag","embeddable":true,"href":"http:\/\/elurbanoweb.com.ar\/diario\/wp-json\/wp\/v2\/tags?post=69434"}],"curies":[{"name":"wp","href":"https:\/\/api.w.org\/{rel}","templated":true}]}}