{"id":69438,"date":"2026-04-27T13:44:11","date_gmt":"2026-04-27T16:44:11","guid":{"rendered":"https:\/\/elurbanoweb.com.ar\/diario\/?p=69438"},"modified":"2026-04-27T13:44:26","modified_gmt":"2026-04-27T16:44:26","slug":"la-intendente-fuentes-participo-del-acto-por-el-206-aniversario-de-la-autonomia-de-la-provincia","status":"publish","type":"post","link":"http:\/\/elurbanoweb.com.ar\/diario\/la-intendente-fuentes-participo-del-acto-por-el-206-aniversario-de-la-autonomia-de-la-provincia\/","title":{"rendered":"La intendente Fuentes particip\u00f3 del acto por el 206\u00b0 aniversario de la Autonom\u00eda de la Provincia"},"content":{"rendered":"<p>La intendente, Ing. Norma Fuentes, particip\u00f3 del acto por el 206\u00b0 aniversario de la Autonom\u00eda provincial que tuvo lugar en el Parque Aguirre frente a los bustos del brigadier, Juan Felipe Ibarra, y del coronel, Juan Francisco Borges, en el Parque Aguirre y que encabez\u00f3 el gobernador, El\u00edas Su\u00e1rez.<\/p>\n<p><img loading=\"lazy\" decoding=\"async\" class=\"alignnone wp-image-69439 size-large\" src=\"http:\/\/elurbanoweb.com.ar\/diario\/wp-content\/uploads\/2026\/04\/acto9-1024x668.jpg\" alt=\"\" width=\"1024\" height=\"668\" srcset=\"http:\/\/elurbanoweb.com.ar\/diario\/wp-content\/uploads\/2026\/04\/acto9-1024x668.jpg 1024w, http:\/\/elurbanoweb.com.ar\/diario\/wp-content\/uploads\/2026\/04\/acto9-300x196.jpg 300w, http:\/\/elurbanoweb.com.ar\/diario\/wp-content\/uploads\/2026\/04\/acto9-150x98.jpg 150w, http:\/\/elurbanoweb.com.ar\/diario\/wp-content\/uploads\/2026\/04\/acto9.jpg 1348w\" sizes=\"auto, (max-width: 1024px) 100vw, 1024px\" \/><\/p>\n<p><!--more--> Durante la ceremonia protocolar, la jefa comunal form\u00f3 parte del tradicional izamiento de la ense\u00f1a provincial junto autoridades provinciales y luego de la colocaci\u00f3n de la ofrenda floral al pie de los bustos de los gestores de la autonom\u00eda provincial, acompa\u00f1ada por los secretarios del gabinete municipal.<\/p>\n<p><img loading=\"lazy\" decoding=\"async\" class=\"alignnone wp-image-69440 size-large\" src=\"http:\/\/elurbanoweb.com.ar\/diario\/wp-content\/uploads\/2026\/04\/acto99-1024x627.jpg\" alt=\"\" width=\"1024\" height=\"627\" srcset=\"http:\/\/elurbanoweb.com.ar\/diario\/wp-content\/uploads\/2026\/04\/acto99-1024x627.jpg 1024w, http:\/\/elurbanoweb.com.ar\/diario\/wp-content\/uploads\/2026\/04\/acto99-300x184.jpg 300w, http:\/\/elurbanoweb.com.ar\/diario\/wp-content\/uploads\/2026\/04\/acto99-150x92.jpg 150w, http:\/\/elurbanoweb.com.ar\/diario\/wp-content\/uploads\/2026\/04\/acto99.jpg 1389w\" sizes=\"auto, (max-width: 1024px) 100vw, 1024px\" \/><\/p>\n<p>Poco despu\u00e9s, particip\u00f3 de la revista de tropa junto al gobernador de la Provincia y del vicegobernador, Carlos Silva Neder; para luego compartir el escenario junto a las dem\u00e1s autoridades, desde donde presenciaron la toma de promesa de los cadetes de 4\u00b0 a\u00f1o del Liceo Policial.<\/p>\n","protected":false},"excerpt":{"rendered":"<p>La intendente, Ing. Norma Fuentes, particip\u00f3 del acto por el 206\u00b0 aniversario de la Autonom\u00eda provincial que tuvo lugar en el Parque Aguirre frente a los bustos del brigadier, Juan&hellip; <\/p>\n","protected":false},"author":1,"featured_media":69439,"comment_status":"closed","ping_status":"closed","sticky":false,"template":"","format":"standard","meta":{"footnotes":""},"categories":[3],"tags":[],"class_list":["post-69438","post","type-post","status-publish","format-standard","has-post-thumbnail","hentry","category-municipio"],"_links":{"self":[{"href":"http:\/\/elurbanoweb.com.ar\/diario\/wp-json\/wp\/v2\/posts\/69438","targetHints":{"allow":["GET"]}}],"collection":[{"href":"http:\/\/elurbanoweb.com.ar\/diario\/wp-json\/wp\/v2\/posts"}],"about":[{"href":"http:\/\/elurbanoweb.com.ar\/diario\/wp-json\/wp\/v2\/types\/post"}],"author":[{"embeddable":true,"href":"http:\/\/elurbanoweb.com.ar\/diario\/wp-json\/wp\/v2\/users\/1"}],"replies":[{"embeddable":true,"href":"http:\/\/elurbanoweb.com.ar\/diario\/wp-json\/wp\/v2\/comments?post=69438"}],"version-history":[{"count":1,"href":"http:\/\/elurbanoweb.com.ar\/diario\/wp-json\/wp\/v2\/posts\/69438\/revisions"}],"predecessor-version":[{"id":69441,"href":"http:\/\/elurbanoweb.com.ar\/diario\/wp-json\/wp\/v2\/posts\/69438\/revisions\/69441"}],"wp:featuredmedia":[{"embeddable":true,"href":"http:\/\/elurbanoweb.com.ar\/diario\/wp-json\/wp\/v2\/media\/69439"}],"wp:attachment":[{"href":"http:\/\/elurbanoweb.com.ar\/diario\/wp-json\/wp\/v2\/media?parent=69438"}],"wp:term":[{"taxonomy":"category","embeddable":true,"href":"http:\/\/elurbanoweb.com.ar\/diario\/wp-json\/wp\/v2\/categories?post=69438"},{"taxonomy":"post_tag","embeddable":true,"href":"http:\/\/elurbanoweb.com.ar\/diario\/wp-json\/wp\/v2\/tags?post=69438"}],"curies":[{"name":"wp","href":"https:\/\/api.w.org\/{rel}","templated":true}]}}