{"id":69442,"date":"2026-04-27T19:15:43","date_gmt":"2026-04-27T22:15:43","guid":{"rendered":"http:\/\/elurbanoweb.com.ar\/diario\/?p=69442"},"modified":"2026-04-27T19:15:43","modified_gmt":"2026-04-27T22:15:43","slug":"la-intendente-fuentes-destaco-el-discurso-esperanzador-del-gobernador-elias-suarez-en-la-camara-de-diputados","status":"publish","type":"post","link":"http:\/\/elurbanoweb.com.ar\/diario\/la-intendente-fuentes-destaco-el-discurso-esperanzador-del-gobernador-elias-suarez-en-la-camara-de-diputados\/","title":{"rendered":"La intendente Fuentes destac\u00f3 el discurso esperanzador del gobernador El\u00edas Suarez  en  la C\u00e1mara de Diputados"},"content":{"rendered":"<p>La intendente, Ing. Norma Fuentes, asisti\u00f3 a la sesi\u00f3n especial de la C\u00e1mara de Diputados, donde el gobernador de la Provincia, El\u00edas Su\u00e1rez, brind\u00f3 su mensaje anual al pueblo de Santiago del Estero.<\/p>\n<p><img loading=\"lazy\" decoding=\"async\" class=\"alignnone wp-image-69443 size-large\" src=\"http:\/\/elurbanoweb.com.ar\/diario\/wp-content\/uploads\/2026\/04\/discurso2-1024x745.jpg\" alt=\"\" width=\"1024\" height=\"745\" srcset=\"http:\/\/elurbanoweb.com.ar\/diario\/wp-content\/uploads\/2026\/04\/discurso2-1024x745.jpg 1024w, http:\/\/elurbanoweb.com.ar\/diario\/wp-content\/uploads\/2026\/04\/discurso2-300x218.jpg 300w, http:\/\/elurbanoweb.com.ar\/diario\/wp-content\/uploads\/2026\/04\/discurso2-150x109.jpg 150w, http:\/\/elurbanoweb.com.ar\/diario\/wp-content\/uploads\/2026\/04\/discurso2-1536x1117.jpg 1536w, http:\/\/elurbanoweb.com.ar\/diario\/wp-content\/uploads\/2026\/04\/discurso2.jpg 1600w\" sizes=\"auto, (max-width: 1024px) 100vw, 1024px\" \/><\/p>\n<p><!--more-->Tras el acto, la jefa comunal destac\u00f3 que fue un discurso esperanzador que marca la continuidad de un proyecto \u201cque ha permitido construir este Santiago del Estero y mostrando un estado presente\u00bb.<\/p>\n<p><img loading=\"lazy\" decoding=\"async\" class=\"alignnone wp-image-69444 size-large\" src=\"http:\/\/elurbanoweb.com.ar\/diario\/wp-content\/uploads\/2026\/04\/discurso3-1024x693.jpg\" alt=\"\" width=\"1024\" height=\"693\" srcset=\"http:\/\/elurbanoweb.com.ar\/diario\/wp-content\/uploads\/2026\/04\/discurso3-1024x693.jpg 1024w, http:\/\/elurbanoweb.com.ar\/diario\/wp-content\/uploads\/2026\/04\/discurso3-300x203.jpg 300w, http:\/\/elurbanoweb.com.ar\/diario\/wp-content\/uploads\/2026\/04\/discurso3-150x102.jpg 150w, http:\/\/elurbanoweb.com.ar\/diario\/wp-content\/uploads\/2026\/04\/discurso3.jpg 1327w\" sizes=\"auto, (max-width: 1024px) 100vw, 1024px\" \/><\/p>\n<p>Resalt\u00f3 que esta gesti\u00f3n muestra un fuerte compromiso social, con los j\u00f3venes y con el fortalecimiento de la educaci\u00f3n, que habilita herramientas que fundamentan el desarrollo que se va consolidando desde hace muchos a\u00f1os.<\/p>\n<p>Dijo tambi\u00e9n que este gobierno ha demostrado estar atento a la situaci\u00f3n actual y puso como ejemplo el trabajo conjunto con los municipios ante situaciones clim\u00e1ticas.<\/p>\n<p>Al ser consultada a los anuncios en materia salarial, la intendente dijo que el municipio como lo hace siempre en esta gesti\u00f3n, realizar\u00e1 un an\u00e1lisis econ\u00f3mico y que luego se har\u00e1 el respectivo anuncio.<\/p>\n<p>Durante el mensaje, la jefa comunal estuvo acompa\u00f1ada por secretarios del gabinete municipal.<\/p>\n","protected":false},"excerpt":{"rendered":"<p>La intendente, Ing. Norma Fuentes, asisti\u00f3 a la sesi\u00f3n especial de la C\u00e1mara de Diputados, donde el gobernador de la Provincia, El\u00edas Su\u00e1rez, brind\u00f3 su mensaje anual al pueblo de&hellip; <\/p>\n","protected":false},"author":1,"featured_media":69443,"comment_status":"closed","ping_status":"closed","sticky":false,"template":"","format":"standard","meta":{"footnotes":""},"categories":[3],"tags":[],"class_list":["post-69442","post","type-post","status-publish","format-standard","has-post-thumbnail","hentry","category-municipio"],"_links":{"self":[{"href":"http:\/\/elurbanoweb.com.ar\/diario\/wp-json\/wp\/v2\/posts\/69442","targetHints":{"allow":["GET"]}}],"collection":[{"href":"http:\/\/elurbanoweb.com.ar\/diario\/wp-json\/wp\/v2\/posts"}],"about":[{"href":"http:\/\/elurbanoweb.com.ar\/diario\/wp-json\/wp\/v2\/types\/post"}],"author":[{"embeddable":true,"href":"http:\/\/elurbanoweb.com.ar\/diario\/wp-json\/wp\/v2\/users\/1"}],"replies":[{"embeddable":true,"href":"http:\/\/elurbanoweb.com.ar\/diario\/wp-json\/wp\/v2\/comments?post=69442"}],"version-history":[{"count":1,"href":"http:\/\/elurbanoweb.com.ar\/diario\/wp-json\/wp\/v2\/posts\/69442\/revisions"}],"predecessor-version":[{"id":69445,"href":"http:\/\/elurbanoweb.com.ar\/diario\/wp-json\/wp\/v2\/posts\/69442\/revisions\/69445"}],"wp:featuredmedia":[{"embeddable":true,"href":"http:\/\/elurbanoweb.com.ar\/diario\/wp-json\/wp\/v2\/media\/69443"}],"wp:attachment":[{"href":"http:\/\/elurbanoweb.com.ar\/diario\/wp-json\/wp\/v2\/media?parent=69442"}],"wp:term":[{"taxonomy":"category","embeddable":true,"href":"http:\/\/elurbanoweb.com.ar\/diario\/wp-json\/wp\/v2\/categories?post=69442"},{"taxonomy":"post_tag","embeddable":true,"href":"http:\/\/elurbanoweb.com.ar\/diario\/wp-json\/wp\/v2\/tags?post=69442"}],"curies":[{"name":"wp","href":"https:\/\/api.w.org\/{rel}","templated":true}]}}