{"id":69446,"date":"2026-04-28T09:07:27","date_gmt":"2026-04-28T12:07:27","guid":{"rendered":"https:\/\/elurbanoweb.com.ar\/diario\/?p=69446"},"modified":"2026-04-28T09:07:27","modified_gmt":"2026-04-28T12:07:27","slug":"nediani-insistio-en-la-reparacion-historica-para-la-banda-y-pidio-actualizar-la-coparticipacion","status":"publish","type":"post","link":"http:\/\/elurbanoweb.com.ar\/diario\/nediani-insistio-en-la-reparacion-historica-para-la-banda-y-pidio-actualizar-la-coparticipacion\/","title":{"rendered":"Nediani insisti\u00f3 en la reparaci\u00f3n hist\u00f3rica para La Banda y pidi\u00f3 actualizar la coparticipaci\u00f3n"},"content":{"rendered":"<p>El intendente valor\u00f3 el discurso del gobernador, pero advirti\u00f3 que sigue pendiente la actualizaci\u00f3n de los \u00edndices de distribuci\u00f3n de recursos para atender la demanda creciente de servicios.<\/p>\n<p><img loading=\"lazy\" decoding=\"async\" class=\"alignnone wp-image-69447 size-full\" src=\"http:\/\/elurbanoweb.com.ar\/diario\/wp-content\/uploads\/2026\/04\/historica.jpg\" alt=\"\" width=\"1010\" height=\"567\" srcset=\"http:\/\/elurbanoweb.com.ar\/diario\/wp-content\/uploads\/2026\/04\/historica.jpg 1010w, http:\/\/elurbanoweb.com.ar\/diario\/wp-content\/uploads\/2026\/04\/historica-300x168.jpg 300w, http:\/\/elurbanoweb.com.ar\/diario\/wp-content\/uploads\/2026\/04\/historica-150x84.jpg 150w\" sizes=\"auto, (max-width: 1010px) 100vw, 1010px\" \/><\/p>\n<p><!--more--><\/p>\n<p>Tras el mensaje anual brindado por el gobernador de la provincia El\u00edas Su\u00e1rez en la Legislatura de la ciudad Capital, en el marco del D\u00eda de la Autonom\u00eda Provincial, el intendente de La Banda, Roger El\u00edas Nediani, destac\u00f3 los principales ejes del discurso, aunque volvi\u00f3 a poner \u00e9nfasis en la necesidad de avanzar con una reparaci\u00f3n hist\u00f3rica para la ciudad a trav\u00e9s de la actualizaci\u00f3n de los fondos coparticipables.<\/p>\n<p>En sus declaraciones, el jefe comunal inici\u00f3 con un saludo a los santiague\u00f1os por la fecha conmemorativa y valor\u00f3 el contenido del mensaje del funcionario provincial. \u201cFue un discurso detallado sobre las obras que se vienen realizando, con una clara visi\u00f3n tur\u00edstica, deportiva, recreativa, educativa y cultural, en un contexto nacional complejo\u201d, expres\u00f3.<\/p>\n<p>Asimismo, subray\u00f3 que se hizo hincapi\u00e9 en la formaci\u00f3n de los j\u00f3venes para el futuro laboral, adem\u00e1s de abordar cuestiones vinculadas a la seguridad y al fortalecimiento del v\u00ednculo con los municipios del interior.<\/p>\n<p>No obstante, Nediani volvi\u00f3 a plantear uno de los reclamos hist\u00f3ricos de la ciudad de La Banda: la necesidad de actualizar los \u00edndices de coparticipaci\u00f3n. \u201cEs un anhelo que sostenemos desde hace tiempo, porque permitir\u00eda concretar m\u00e1s obras y mejorar los servicios que brindamos no solo a nuestros vecinos, sino tambi\u00e9n a localidades cercanas\u201d, indic\u00f3.<\/p>\n<p>En ese sentido, explic\u00f3 que dicha actualizaci\u00f3n debe contemplar variables como la cantidad de habitantes, las necesidades b\u00e1sicas insatisfechas y el alcance de los servicios municipales. Adem\u00e1s, consider\u00f3 que este proceso deber\u00eda realizarse sin necesidad de recurrir a instancias judiciales o legislativas.<\/p>\n<p>\u201cSe trata de un derecho establecido en la Constituci\u00f3n Provincial. Por eso, esperamos que en cada mensaje se avance en este sentido, aunque en esta oportunidad no haya sido anunciado\u201d, concluy\u00f3 el intendente.<\/p>\n","protected":false},"excerpt":{"rendered":"<p>El intendente valor\u00f3 el discurso del gobernador, pero advirti\u00f3 que sigue pendiente la actualizaci\u00f3n de los \u00edndices de distribuci\u00f3n de recursos para atender la demanda creciente de servicios.<\/p>\n","protected":false},"author":1,"featured_media":69447,"comment_status":"closed","ping_status":"closed","sticky":false,"template":"","format":"standard","meta":{"footnotes":""},"categories":[9],"tags":[],"class_list":["post-69446","post","type-post","status-publish","format-standard","has-post-thumbnail","hentry","category-la-banda"],"_links":{"self":[{"href":"http:\/\/elurbanoweb.com.ar\/diario\/wp-json\/wp\/v2\/posts\/69446","targetHints":{"allow":["GET"]}}],"collection":[{"href":"http:\/\/elurbanoweb.com.ar\/diario\/wp-json\/wp\/v2\/posts"}],"about":[{"href":"http:\/\/elurbanoweb.com.ar\/diario\/wp-json\/wp\/v2\/types\/post"}],"author":[{"embeddable":true,"href":"http:\/\/elurbanoweb.com.ar\/diario\/wp-json\/wp\/v2\/users\/1"}],"replies":[{"embeddable":true,"href":"http:\/\/elurbanoweb.com.ar\/diario\/wp-json\/wp\/v2\/comments?post=69446"}],"version-history":[{"count":1,"href":"http:\/\/elurbanoweb.com.ar\/diario\/wp-json\/wp\/v2\/posts\/69446\/revisions"}],"predecessor-version":[{"id":69448,"href":"http:\/\/elurbanoweb.com.ar\/diario\/wp-json\/wp\/v2\/posts\/69446\/revisions\/69448"}],"wp:featuredmedia":[{"embeddable":true,"href":"http:\/\/elurbanoweb.com.ar\/diario\/wp-json\/wp\/v2\/media\/69447"}],"wp:attachment":[{"href":"http:\/\/elurbanoweb.com.ar\/diario\/wp-json\/wp\/v2\/media?parent=69446"}],"wp:term":[{"taxonomy":"category","embeddable":true,"href":"http:\/\/elurbanoweb.com.ar\/diario\/wp-json\/wp\/v2\/categories?post=69446"},{"taxonomy":"post_tag","embeddable":true,"href":"http:\/\/elurbanoweb.com.ar\/diario\/wp-json\/wp\/v2\/tags?post=69446"}],"curies":[{"name":"wp","href":"https:\/\/api.w.org\/{rel}","templated":true}]}}