{"id":69449,"date":"2026-04-28T09:09:02","date_gmt":"2026-04-28T12:09:02","guid":{"rendered":"https:\/\/elurbanoweb.com.ar\/diario\/?p=69449"},"modified":"2026-04-28T09:09:02","modified_gmt":"2026-04-28T12:09:02","slug":"el-camm-central-argentino-realizo-un-taller-preventivo-sobre-glaucoma-y-bronquitis","status":"publish","type":"post","link":"http:\/\/elurbanoweb.com.ar\/diario\/el-camm-central-argentino-realizo-un-taller-preventivo-sobre-glaucoma-y-bronquitis\/","title":{"rendered":"El CAMM Central Argentino realiz\u00f3 un taller preventivo sobre \u201cGlaucoma y Bronquitis\u201d"},"content":{"rendered":"<p>El d\u00eda jueves, el Centro de Atenci\u00f3n M\u00e9dica Municipal (CAMM) N\u00b0 6 del barrio Central Argentino brind\u00f3 un taller preventivo sobre \u201cGlaucoma y Bronquitis\u201d, donde participaron pacientes de la sala de espera.<\/p>\n<p><img loading=\"lazy\" decoding=\"async\" class=\"alignnone wp-image-69450 size-full\" src=\"http:\/\/elurbanoweb.com.ar\/diario\/wp-content\/uploads\/2026\/04\/glaucoma.jpg\" alt=\"\" width=\"1010\" height=\"567\" srcset=\"http:\/\/elurbanoweb.com.ar\/diario\/wp-content\/uploads\/2026\/04\/glaucoma.jpg 1010w, http:\/\/elurbanoweb.com.ar\/diario\/wp-content\/uploads\/2026\/04\/glaucoma-300x168.jpg 300w, http:\/\/elurbanoweb.com.ar\/diario\/wp-content\/uploads\/2026\/04\/glaucoma-150x84.jpg 150w\" sizes=\"auto, (max-width: 1010px) 100vw, 1010px\" \/><\/p>\n<p><!--more--><\/p>\n<p>Durante la actividad, personal de salud inform\u00f3 y explic\u00f3 a los participantes qu\u00e9 es un Glaucoma, cu\u00e1les son sus s\u00edntomas y los tratamientos que se pueden hacer.<\/p>\n<p>Un glaucoma es una enfermedad ocular cr\u00f3nica que da\u00f1a el nervio \u00f3ptico, a menudo por alta presi\u00f3n, provocando una p\u00e9rdida de visi\u00f3n irreversible y ceguera si no se trata.<\/p>\n<p>A menudo es asintom\u00e1tico en sus fases iniciales, requiere ex\u00e1menes oftalmol\u00f3gicos regulares para su detecci\u00f3n temprana, siendo la causa principal de ceguera evitable en el mundo.<\/p>\n<p>En la ocasi\u00f3n, los pacientes tambi\u00e9n tuvieron acceso a informaci\u00f3n muy importante sobre la Bronquitis, una enfermedad que prevalece en esta estaci\u00f3n del a\u00f1o.<\/p>\n<p>La bronquitis es la inflamaci\u00f3n de los bronquios, los conductos que llevan aire a los pulmones, provocando tos con mucosidad, dolor de pecho y fatiga.<\/p>\n<p>Este cuadro generalmente es causado por virus tras un resfriado (agudo) y dura de 1 a 3 semanas. El tratamiento se centra en el descanso, hidrataci\u00f3n y alivio de s\u00edntomas.<\/p>\n","protected":false},"excerpt":{"rendered":"<p>El d\u00eda jueves, el Centro de Atenci\u00f3n M\u00e9dica Municipal (CAMM) N\u00b0 6 del barrio Central Argentino brind\u00f3 un taller preventivo sobre \u201cGlaucoma y Bronquitis\u201d, donde participaron pacientes de la sala&hellip; <\/p>\n","protected":false},"author":1,"featured_media":69450,"comment_status":"closed","ping_status":"closed","sticky":false,"template":"","format":"standard","meta":{"footnotes":""},"categories":[9],"tags":[],"class_list":["post-69449","post","type-post","status-publish","format-standard","has-post-thumbnail","hentry","category-la-banda"],"_links":{"self":[{"href":"http:\/\/elurbanoweb.com.ar\/diario\/wp-json\/wp\/v2\/posts\/69449","targetHints":{"allow":["GET"]}}],"collection":[{"href":"http:\/\/elurbanoweb.com.ar\/diario\/wp-json\/wp\/v2\/posts"}],"about":[{"href":"http:\/\/elurbanoweb.com.ar\/diario\/wp-json\/wp\/v2\/types\/post"}],"author":[{"embeddable":true,"href":"http:\/\/elurbanoweb.com.ar\/diario\/wp-json\/wp\/v2\/users\/1"}],"replies":[{"embeddable":true,"href":"http:\/\/elurbanoweb.com.ar\/diario\/wp-json\/wp\/v2\/comments?post=69449"}],"version-history":[{"count":1,"href":"http:\/\/elurbanoweb.com.ar\/diario\/wp-json\/wp\/v2\/posts\/69449\/revisions"}],"predecessor-version":[{"id":69451,"href":"http:\/\/elurbanoweb.com.ar\/diario\/wp-json\/wp\/v2\/posts\/69449\/revisions\/69451"}],"wp:featuredmedia":[{"embeddable":true,"href":"http:\/\/elurbanoweb.com.ar\/diario\/wp-json\/wp\/v2\/media\/69450"}],"wp:attachment":[{"href":"http:\/\/elurbanoweb.com.ar\/diario\/wp-json\/wp\/v2\/media?parent=69449"}],"wp:term":[{"taxonomy":"category","embeddable":true,"href":"http:\/\/elurbanoweb.com.ar\/diario\/wp-json\/wp\/v2\/categories?post=69449"},{"taxonomy":"post_tag","embeddable":true,"href":"http:\/\/elurbanoweb.com.ar\/diario\/wp-json\/wp\/v2\/tags?post=69449"}],"curies":[{"name":"wp","href":"https:\/\/api.w.org\/{rel}","templated":true}]}}