{"id":69452,"date":"2026-04-28T09:10:34","date_gmt":"2026-04-28T12:10:34","guid":{"rendered":"https:\/\/elurbanoweb.com.ar\/diario\/?p=69452"},"modified":"2026-04-28T09:10:34","modified_gmt":"2026-04-28T12:10:34","slug":"invitan-a-participar-de-talleres-de-bateria-y-percusion-en-el-atelier-cultural","status":"publish","type":"post","link":"http:\/\/elurbanoweb.com.ar\/diario\/invitan-a-participar-de-talleres-de-bateria-y-percusion-en-el-atelier-cultural\/","title":{"rendered":"Invitan a participar de talleres de bater\u00eda y percusi\u00f3n en el Atelier Cultural"},"content":{"rendered":"<p>La Municipalidad de La Banda invita a la comunidad a sumarse a los talleres de m\u00fasica que se dictan en el Atelier Cultural, una propuesta abierta a personas de todas las edades interesadas en aprender y disfrutar del mundo de la percusi\u00f3n.<\/p>\n<p><img loading=\"lazy\" decoding=\"async\" class=\"alignnone wp-image-69453 size-full\" src=\"http:\/\/elurbanoweb.com.ar\/diario\/wp-content\/uploads\/2026\/04\/atelier1.jpg\" alt=\"\" width=\"1010\" height=\"567\" srcset=\"http:\/\/elurbanoweb.com.ar\/diario\/wp-content\/uploads\/2026\/04\/atelier1.jpg 1010w, http:\/\/elurbanoweb.com.ar\/diario\/wp-content\/uploads\/2026\/04\/atelier1-300x168.jpg 300w, http:\/\/elurbanoweb.com.ar\/diario\/wp-content\/uploads\/2026\/04\/atelier1-150x84.jpg 150w\" sizes=\"auto, (max-width: 1010px) 100vw, 1010px\" \/><\/p>\n<p><!--more--><\/p>\n<p>Las clases se desarrollan los d\u00edas lunes, con dos horarios disponibles: de 10:00 a 12:00, taller de bater\u00eda, y de 18:00 a 21:00, percusi\u00f3n latina en todos sus ritmos.<\/p>\n<p>La propuesta est\u00e1 destinada a ni\u00f1os desde los 6 a\u00f1os en adelante, sin l\u00edmite de edad, promoviendo un espacio inclusivo de aprendizaje y expresi\u00f3n art\u00edstica.<\/p>\n<p>Los talleres est\u00e1n a cargo del profesor Mart\u00edn Cepero, quien brindar\u00e1 formaci\u00f3n tanto para principiantes como para quienes ya cuentan con experiencia.<\/p>\n<p>Para m\u00e1s informaci\u00f3n e inscripciones, los interesados pueden comunicarse al 3854197517.<\/p>\n<p>De esta manera, el municipio contin\u00faa impulsando actividades culturales que fomentan el arte, la creatividad y la participaci\u00f3n de la comunidad.<\/p>\n","protected":false},"excerpt":{"rendered":"<p>La Municipalidad de La Banda invita a la comunidad a sumarse a los talleres de m\u00fasica que se dictan en el Atelier Cultural, una propuesta abierta a personas de todas&hellip; <\/p>\n","protected":false},"author":1,"featured_media":69453,"comment_status":"closed","ping_status":"closed","sticky":false,"template":"","format":"standard","meta":{"footnotes":""},"categories":[9],"tags":[],"class_list":["post-69452","post","type-post","status-publish","format-standard","has-post-thumbnail","hentry","category-la-banda"],"_links":{"self":[{"href":"http:\/\/elurbanoweb.com.ar\/diario\/wp-json\/wp\/v2\/posts\/69452","targetHints":{"allow":["GET"]}}],"collection":[{"href":"http:\/\/elurbanoweb.com.ar\/diario\/wp-json\/wp\/v2\/posts"}],"about":[{"href":"http:\/\/elurbanoweb.com.ar\/diario\/wp-json\/wp\/v2\/types\/post"}],"author":[{"embeddable":true,"href":"http:\/\/elurbanoweb.com.ar\/diario\/wp-json\/wp\/v2\/users\/1"}],"replies":[{"embeddable":true,"href":"http:\/\/elurbanoweb.com.ar\/diario\/wp-json\/wp\/v2\/comments?post=69452"}],"version-history":[{"count":1,"href":"http:\/\/elurbanoweb.com.ar\/diario\/wp-json\/wp\/v2\/posts\/69452\/revisions"}],"predecessor-version":[{"id":69454,"href":"http:\/\/elurbanoweb.com.ar\/diario\/wp-json\/wp\/v2\/posts\/69452\/revisions\/69454"}],"wp:featuredmedia":[{"embeddable":true,"href":"http:\/\/elurbanoweb.com.ar\/diario\/wp-json\/wp\/v2\/media\/69453"}],"wp:attachment":[{"href":"http:\/\/elurbanoweb.com.ar\/diario\/wp-json\/wp\/v2\/media?parent=69452"}],"wp:term":[{"taxonomy":"category","embeddable":true,"href":"http:\/\/elurbanoweb.com.ar\/diario\/wp-json\/wp\/v2\/categories?post=69452"},{"taxonomy":"post_tag","embeddable":true,"href":"http:\/\/elurbanoweb.com.ar\/diario\/wp-json\/wp\/v2\/tags?post=69452"}],"curies":[{"name":"wp","href":"https:\/\/api.w.org\/{rel}","templated":true}]}}