{"id":69455,"date":"2026-04-28T09:12:17","date_gmt":"2026-04-28T12:12:17","guid":{"rendered":"https:\/\/elurbanoweb.com.ar\/diario\/?p=69455"},"modified":"2026-04-28T09:12:17","modified_gmt":"2026-04-28T12:12:17","slug":"se-llevo-a-cabo-el-12o-encuentro-federal-de-intendentes-de-segunda-y-tercera-categoria","status":"publish","type":"post","link":"http:\/\/elurbanoweb.com.ar\/diario\/se-llevo-a-cabo-el-12o-encuentro-federal-de-intendentes-de-segunda-y-tercera-categoria\/","title":{"rendered":"Se llev\u00f3 a cabo el 12\u00ba Encuentro Federal de Intendentes de Segunda y Tercera Categor\u00eda"},"content":{"rendered":"<p>La jornada se desarroll\u00f3 en el Complejo Juan Felipe Ibarra, donde el Tribunal de Cuentas present\u00f3 una iniciativa destinada a acompa\u00f1ar los cambios de gesti\u00f3n municipal de cara al proceso electoral de agosto.<\/p>\n<p><img loading=\"lazy\" decoding=\"async\" class=\"alignnone wp-image-69456 size-full\" src=\"http:\/\/elurbanoweb.com.ar\/diario\/wp-content\/uploads\/2026\/04\/federal5.jpg\" alt=\"\" width=\"1010\" height=\"567\" srcset=\"http:\/\/elurbanoweb.com.ar\/diario\/wp-content\/uploads\/2026\/04\/federal5.jpg 1010w, http:\/\/elurbanoweb.com.ar\/diario\/wp-content\/uploads\/2026\/04\/federal5-300x168.jpg 300w, http:\/\/elurbanoweb.com.ar\/diario\/wp-content\/uploads\/2026\/04\/federal5-150x84.jpg 150w\" sizes=\"auto, (max-width: 1010px) 100vw, 1010px\" \/><\/p>\n<p><!--more--><\/p>\n<p>En el Sal\u00f3n Auditorio del Complejo Juan Felipe Ibarra se realiz\u00f3 el 12\u00b0 Encuentro Federal de Intendentes de Municipios de Segunda y Tercera Categor\u00eda, una convocatoria organizada por el Tribunal de Cuentas de la Provincia que reuni\u00f3 a jefes comunales y equipos t\u00e9cnicos de distintos puntos del territorio santiague\u00f1o.<\/p>\n<p>El acto de apertura estuvo encabezado por el presidente del organismo, Dr. Lionel Enrique Su\u00e1rez, acompa\u00f1ado por el vicepresidente Dr. Mariano Helman de la Garma; los vocales Cra. Marisa P\u00e9rez Nazar, Dr. Ra\u00fal Leoni Beltr\u00e1n y Cra. Claudia del Valle Lucio Falcione; adem\u00e1s de la Cra. Mariela Zamb\u00f3n, de la Oficina de Asuntos Municipales.<\/p>\n<p>Durante su discurso inaugural, Su\u00e1rez remarc\u00f3 el rol del Tribunal como \u00f3rgano de control externo y destac\u00f3 la necesidad de fortalecer los mecanismos de rendici\u00f3n de cuentas en un contexto econ\u00f3mico complejo. En ese sentido, sostuvo que resulta clave garantizar que los recursos p\u00fablicos sean administrados con criterios de transparencia, eficiencia y responsabilidad.<\/p>\n<p>Uno de los anuncios centrales de la jornada fue la presentaci\u00f3n del programa \u201cTransici\u00f3n Ordenada\u201d, una herramienta impulsada por el Tribunal de Cuentas con vistas al proceso electoral previsto para agosto.<\/p>\n<p>La iniciativa busca acompa\u00f1ar a los municipios de segunda y tercera categor\u00eda en los cambios de gesti\u00f3n mediante la elaboraci\u00f3n de un diagn\u00f3stico integral sobre la situaci\u00f3n patrimonial, financiera y del personal al momento del traspaso de mando.<\/p>\n","protected":false},"excerpt":{"rendered":"<p>La jornada se desarroll\u00f3 en el Complejo Juan Felipe Ibarra, donde el Tribunal de Cuentas present\u00f3 una iniciativa destinada a acompa\u00f1ar los cambios de gesti\u00f3n municipal de cara al proceso&hellip; <\/p>\n","protected":false},"author":1,"featured_media":69456,"comment_status":"closed","ping_status":"closed","sticky":false,"template":"","format":"standard","meta":{"footnotes":""},"categories":[16],"tags":[],"class_list":["post-69455","post","type-post","status-publish","format-standard","has-post-thumbnail","hentry","category-locales"],"_links":{"self":[{"href":"http:\/\/elurbanoweb.com.ar\/diario\/wp-json\/wp\/v2\/posts\/69455","targetHints":{"allow":["GET"]}}],"collection":[{"href":"http:\/\/elurbanoweb.com.ar\/diario\/wp-json\/wp\/v2\/posts"}],"about":[{"href":"http:\/\/elurbanoweb.com.ar\/diario\/wp-json\/wp\/v2\/types\/post"}],"author":[{"embeddable":true,"href":"http:\/\/elurbanoweb.com.ar\/diario\/wp-json\/wp\/v2\/users\/1"}],"replies":[{"embeddable":true,"href":"http:\/\/elurbanoweb.com.ar\/diario\/wp-json\/wp\/v2\/comments?post=69455"}],"version-history":[{"count":1,"href":"http:\/\/elurbanoweb.com.ar\/diario\/wp-json\/wp\/v2\/posts\/69455\/revisions"}],"predecessor-version":[{"id":69457,"href":"http:\/\/elurbanoweb.com.ar\/diario\/wp-json\/wp\/v2\/posts\/69455\/revisions\/69457"}],"wp:featuredmedia":[{"embeddable":true,"href":"http:\/\/elurbanoweb.com.ar\/diario\/wp-json\/wp\/v2\/media\/69456"}],"wp:attachment":[{"href":"http:\/\/elurbanoweb.com.ar\/diario\/wp-json\/wp\/v2\/media?parent=69455"}],"wp:term":[{"taxonomy":"category","embeddable":true,"href":"http:\/\/elurbanoweb.com.ar\/diario\/wp-json\/wp\/v2\/categories?post=69455"},{"taxonomy":"post_tag","embeddable":true,"href":"http:\/\/elurbanoweb.com.ar\/diario\/wp-json\/wp\/v2\/tags?post=69455"}],"curies":[{"name":"wp","href":"https:\/\/api.w.org\/{rel}","templated":true}]}}