{"id":69458,"date":"2026-04-28T09:15:08","date_gmt":"2026-04-28T12:15:08","guid":{"rendered":"https:\/\/elurbanoweb.com.ar\/diario\/?p=69458"},"modified":"2026-04-28T09:15:08","modified_gmt":"2026-04-28T12:15:08","slug":"ledesma-destaco-el-mensaje-de-elias-suarez-y-destaco-el-trabajo-articulado-entre-el-gobierno-y-la-unse","status":"publish","type":"post","link":"http:\/\/elurbanoweb.com.ar\/diario\/ledesma-destaco-el-mensaje-de-elias-suarez-y-destaco-el-trabajo-articulado-entre-el-gobierno-y-la-unse\/","title":{"rendered":"Ledesma destac\u00f3 el mensaje de El\u00edas Su\u00e1rez y destac\u00f3 el trabajo articulado entre el Gobierno y la UNSE"},"content":{"rendered":"<p>El rector de la Universidad Nacional de Santiago del Estero, Marcelino Ledesma, particip\u00f3 del acto de apertura de sesiones ordinarias en la C\u00e1mara de Diputados de Santiago del Estero, donde el gobernador El\u00edas Su\u00e1rez brind\u00f3 su mensaje anual.<\/p>\n<p><img loading=\"lazy\" decoding=\"async\" class=\"alignnone wp-image-69459 size-full\" src=\"http:\/\/elurbanoweb.com.ar\/diario\/wp-content\/uploads\/2026\/04\/marcelino1.jpeg\" alt=\"\" width=\"652\" height=\"540\" srcset=\"http:\/\/elurbanoweb.com.ar\/diario\/wp-content\/uploads\/2026\/04\/marcelino1.jpeg 652w, http:\/\/elurbanoweb.com.ar\/diario\/wp-content\/uploads\/2026\/04\/marcelino1-300x248.jpeg 300w, http:\/\/elurbanoweb.com.ar\/diario\/wp-content\/uploads\/2026\/04\/marcelino1-150x124.jpeg 150w\" sizes=\"auto, (max-width: 652px) 100vw, 652px\" \/><\/p>\n<p><!--more--><\/p>\n<p>Tras la ceremonia, el titular de la casa de estudios valor\u00f3 el contenido del discurso y destac\u00f3 el enfoque en el desarrollo provincial, la inversi\u00f3n p\u00fablica y el fortalecimiento institucional en un contexto complejo.<\/p>\n<p>\u201cFue un mensaje claro, con definiciones importantes, que reafirma un rumbo de trabajo sostenido en \u00e1reas estrat\u00e9gicas para la provincia\u201d, expres\u00f3 Ledesma.<\/p>\n<p>En ese marco, puso en valor el trabajo articulado entre el Gobierno provincial y la universidad p\u00fablica, al remarcar que \u201cla UNSE forma parte de este proceso de desarrollo, no solo desde la formaci\u00f3n de profesionales, sino tambi\u00e9n desde la generaci\u00f3n de conocimiento y la vinculaci\u00f3n con la comunidad\u201d.<\/p>\n<p>El rector destac\u00f3 especialmente la participaci\u00f3n de la universidad en pol\u00edticas p\u00fablicas concretas, como el programa Santiago Crece con Vos y su integraci\u00f3n en el Consejo Econ\u00f3mico y Social de Santiago del Estero, espacios en los que la UNSE aporta desde la mirada acad\u00e9mica y cient\u00edfica.<\/p>\n<p>\u201cEstos \u00e1mbitos de trabajo conjunto permiten pensar pol\u00edticas a largo plazo, con una visi\u00f3n integral del desarrollo y con el aporte de distintos sectores\u201d, sostuvo.<\/p>\n<p>Asimismo, remarc\u00f3 la importancia de sostener y fortalecer la articulaci\u00f3n institucional en el actual contexto. \u201cLa universidad p\u00fablica tiene un rol estrat\u00e9gico, y ese rol se potencia cuando existe una agenda com\u00fan con el Estado y con los distintos actores sociales y productivos\u201d, agreg\u00f3.<\/p>\n<p>Finalmente, Ledesma reafirm\u00f3 el compromiso de la UNSE de continuar acompa\u00f1ando el crecimiento de la provincia: \u201cDesde nuestro lugar, vamos a seguir aportando al desarrollo de Santiago del Estero, formando recursos humanos y generando herramientas que contribuyan a mejorar la calidad de vida de nuestra comunidad\u201d.<\/p>\n","protected":false},"excerpt":{"rendered":"<p>El rector de la Universidad Nacional de Santiago del Estero, Marcelino Ledesma, particip\u00f3 del acto de apertura de sesiones ordinarias en la C\u00e1mara de Diputados de Santiago del Estero, donde&hellip; <\/p>\n","protected":false},"author":1,"featured_media":69459,"comment_status":"closed","ping_status":"closed","sticky":false,"template":"","format":"standard","meta":{"footnotes":""},"categories":[15],"tags":[],"class_list":["post-69458","post","type-post","status-publish","format-standard","has-post-thumbnail","hentry","category-unse"],"_links":{"self":[{"href":"http:\/\/elurbanoweb.com.ar\/diario\/wp-json\/wp\/v2\/posts\/69458","targetHints":{"allow":["GET"]}}],"collection":[{"href":"http:\/\/elurbanoweb.com.ar\/diario\/wp-json\/wp\/v2\/posts"}],"about":[{"href":"http:\/\/elurbanoweb.com.ar\/diario\/wp-json\/wp\/v2\/types\/post"}],"author":[{"embeddable":true,"href":"http:\/\/elurbanoweb.com.ar\/diario\/wp-json\/wp\/v2\/users\/1"}],"replies":[{"embeddable":true,"href":"http:\/\/elurbanoweb.com.ar\/diario\/wp-json\/wp\/v2\/comments?post=69458"}],"version-history":[{"count":1,"href":"http:\/\/elurbanoweb.com.ar\/diario\/wp-json\/wp\/v2\/posts\/69458\/revisions"}],"predecessor-version":[{"id":69460,"href":"http:\/\/elurbanoweb.com.ar\/diario\/wp-json\/wp\/v2\/posts\/69458\/revisions\/69460"}],"wp:featuredmedia":[{"embeddable":true,"href":"http:\/\/elurbanoweb.com.ar\/diario\/wp-json\/wp\/v2\/media\/69459"}],"wp:attachment":[{"href":"http:\/\/elurbanoweb.com.ar\/diario\/wp-json\/wp\/v2\/media?parent=69458"}],"wp:term":[{"taxonomy":"category","embeddable":true,"href":"http:\/\/elurbanoweb.com.ar\/diario\/wp-json\/wp\/v2\/categories?post=69458"},{"taxonomy":"post_tag","embeddable":true,"href":"http:\/\/elurbanoweb.com.ar\/diario\/wp-json\/wp\/v2\/tags?post=69458"}],"curies":[{"name":"wp","href":"https:\/\/api.w.org\/{rel}","templated":true}]}}