{"id":69464,"date":"2026-04-28T09:21:07","date_gmt":"2026-04-28T12:21:07","guid":{"rendered":"https:\/\/elurbanoweb.com.ar\/diario\/?p=69464"},"modified":"2026-04-28T09:21:07","modified_gmt":"2026-04-28T12:21:07","slug":"silva-neder-entrego-el-premio-al-ganador-del-clasico-autonomia-provincial-en-el-hipodromo-local","status":"publish","type":"post","link":"http:\/\/elurbanoweb.com.ar\/diario\/silva-neder-entrego-el-premio-al-ganador-del-clasico-autonomia-provincial-en-el-hipodromo-local\/","title":{"rendered":"Silva Neder entreg\u00f3 el premio al ganador del Cl\u00e1sico Autonom\u00eda Provincial en el hip\u00f3dromo local"},"content":{"rendered":"<p>El vicegobernador encabez\u00f3 la ceremonia de premiaci\u00f3n y destac\u00f3 el rol del turf como actividad deportiva, cultural y generadora de empleo en Santiago del Estero.<\/p>\n<p><img loading=\"lazy\" decoding=\"async\" class=\"alignnone wp-image-69465 size-full\" src=\"http:\/\/elurbanoweb.com.ar\/diario\/wp-content\/uploads\/2026\/04\/clasico.jpg\" alt=\"\" width=\"1010\" height=\"567\" srcset=\"http:\/\/elurbanoweb.com.ar\/diario\/wp-content\/uploads\/2026\/04\/clasico.jpg 1010w, http:\/\/elurbanoweb.com.ar\/diario\/wp-content\/uploads\/2026\/04\/clasico-300x168.jpg 300w, http:\/\/elurbanoweb.com.ar\/diario\/wp-content\/uploads\/2026\/04\/clasico-150x84.jpg 150w\" sizes=\"auto, (max-width: 1010px) 100vw, 1010px\" \/><\/p>\n<p><!--more--><\/p>\n<p>En el marco de los festejos por el D\u00eda de la Autonom\u00eda Provincial y en representaci\u00f3n del gobernador El\u00edas Miguel Su\u00e1rez, esta tarde el vicegobernador Dr. Carlos Silva Neder acompa\u00f1\u00f3 a la gran familia del turf en una de las citas m\u00e1s importantes del calendario h\u00edpico regional desarrollada en el Hip\u00f3dromo 27 de Abril.<\/p>\n<p>En la oportunidad, Silva Neder encabez\u00f3 la entrega de premios, d\u00f3nde transmiti\u00f3 el afectuoso saludo del Gobernador El\u00edas Su\u00e1rez y ratific\u00f3 el compromiso de la gesti\u00f3n con el fortalecimiento de las actividades deportivas.<\/p>\n<p>En este sentido, destac\u00f3 que el deporte en Santiago del Estero es una pol\u00edtica de Estado prioritaria, no solo por su valor recreativo, sino como un pilar fundamental de la identidad cultural santiague\u00f1a.<\/p>\n<p>UN MOTOR DE TRABAJO Y DESARROLLO<\/p>\n<p>Un punto clave resaltado fue el impacto social y econ\u00f3mico que genera la actividad h\u00edpica. \u00abLa gran familia del turf es un eslab\u00f3n importante del engranaje productivo provincial, destac\u00e1ndose como una actividad generadora de numerosos puestos de trabajo, directos e indirectos. Desde criadores, entrenadores y peones, hasta jinetes y proveedores de servicios, el sector dinamiza la econom\u00eda local, motivo por el cual el Gobierno Provincial mantiene un apoyo constante para garantizar su crecimiento\u00bb, indic\u00f3.<\/p>\n<p>ENTREGA DE PREMIOS Y RECONOCIMIENTOS<\/p>\n<p>El momento cumbre de la tarde fue la consagraci\u00f3n del ejemplar \u00abDr. Legasov\u00bb, del stud Piedra Grande de Tucum\u00e1n, que se adjudic\u00f3 el prestigioso Cl\u00e1sico Autonom\u00eda Provincial.<\/p>\n<p>Silva Neder fue el encargado de encabezar la entrega del trofeo, acompa\u00f1ado por el director a cargo del Hip\u00f3dromo, CPN Sebasti\u00e1n Basb\u00fas; los ministros de Econom\u00eda, Atilio Chara, y de Obras P\u00fablicas, Aldo Hid; el secretario Legislativo, Luis Herrera; diputados provinciales Carlos Hazam y Cecilia Valdez, entre otras autoridades.<\/p>\n<p>Finalmente, se hizo entrega de la Declaraci\u00f3n de Inter\u00e9s emitida por la C\u00e1mara de Diputados de la Provincia, reafirmando el reconocimiento legislativo a la importancia del turf en el mapa deportivo local y su relevancia hist\u00f3rica en el marco de las festividades por la autonom\u00eda santiague\u00f1a.<\/p>\n","protected":false},"excerpt":{"rendered":"<p>El vicegobernador encabez\u00f3 la ceremonia de premiaci\u00f3n y destac\u00f3 el rol del turf como actividad deportiva, cultural y generadora de empleo en Santiago del Estero.<\/p>\n","protected":false},"author":1,"featured_media":69465,"comment_status":"closed","ping_status":"closed","sticky":false,"template":"","format":"standard","meta":{"footnotes":""},"categories":[16],"tags":[],"class_list":["post-69464","post","type-post","status-publish","format-standard","has-post-thumbnail","hentry","category-locales"],"_links":{"self":[{"href":"http:\/\/elurbanoweb.com.ar\/diario\/wp-json\/wp\/v2\/posts\/69464","targetHints":{"allow":["GET"]}}],"collection":[{"href":"http:\/\/elurbanoweb.com.ar\/diario\/wp-json\/wp\/v2\/posts"}],"about":[{"href":"http:\/\/elurbanoweb.com.ar\/diario\/wp-json\/wp\/v2\/types\/post"}],"author":[{"embeddable":true,"href":"http:\/\/elurbanoweb.com.ar\/diario\/wp-json\/wp\/v2\/users\/1"}],"replies":[{"embeddable":true,"href":"http:\/\/elurbanoweb.com.ar\/diario\/wp-json\/wp\/v2\/comments?post=69464"}],"version-history":[{"count":1,"href":"http:\/\/elurbanoweb.com.ar\/diario\/wp-json\/wp\/v2\/posts\/69464\/revisions"}],"predecessor-version":[{"id":69466,"href":"http:\/\/elurbanoweb.com.ar\/diario\/wp-json\/wp\/v2\/posts\/69464\/revisions\/69466"}],"wp:featuredmedia":[{"embeddable":true,"href":"http:\/\/elurbanoweb.com.ar\/diario\/wp-json\/wp\/v2\/media\/69465"}],"wp:attachment":[{"href":"http:\/\/elurbanoweb.com.ar\/diario\/wp-json\/wp\/v2\/media?parent=69464"}],"wp:term":[{"taxonomy":"category","embeddable":true,"href":"http:\/\/elurbanoweb.com.ar\/diario\/wp-json\/wp\/v2\/categories?post=69464"},{"taxonomy":"post_tag","embeddable":true,"href":"http:\/\/elurbanoweb.com.ar\/diario\/wp-json\/wp\/v2\/tags?post=69464"}],"curies":[{"name":"wp","href":"https:\/\/api.w.org\/{rel}","templated":true}]}}