{"id":69467,"date":"2026-04-28T09:22:45","date_gmt":"2026-04-28T12:22:45","guid":{"rendered":"https:\/\/elurbanoweb.com.ar\/diario\/?p=69467"},"modified":"2026-04-28T09:22:45","modified_gmt":"2026-04-28T12:22:45","slug":"el-gobierno-de-santiago-del-estero-presento-su-mensaje-anual-con-eje-en-desarrollo-y-gestion","status":"publish","type":"post","link":"http:\/\/elurbanoweb.com.ar\/diario\/el-gobierno-de-santiago-del-estero-presento-su-mensaje-anual-con-eje-en-desarrollo-y-gestion\/","title":{"rendered":"El Gobierno de Santiago del Estero present\u00f3 su mensaje anual con eje en desarrollo y gesti\u00f3n"},"content":{"rendered":"<p>En materia salarial, el gobernador celebr\u00f3 el trabajo que lleva adelante en la Mesa de Di\u00e1logo y Trabajo, que dio lugar a los acuerdos como el aumento del 42,4% para los agentes de la administraci\u00f3n p\u00fablica desde febrero pasado, con un piso salarial de $ 1.130.000. Adem\u00e1s de la actualizaci\u00f3n de contratos de locaci\u00f3n de servicios, la ayuda por hijo y el pago de bonos.<\/p>\n<p><img loading=\"lazy\" decoding=\"async\" class=\"alignnone wp-image-69468 size-large\" src=\"http:\/\/elurbanoweb.com.ar\/diario\/wp-content\/uploads\/2026\/04\/gobierno1-1024x683.jpg\" alt=\"\" width=\"1024\" height=\"683\" srcset=\"http:\/\/elurbanoweb.com.ar\/diario\/wp-content\/uploads\/2026\/04\/gobierno1-1024x683.jpg 1024w, http:\/\/elurbanoweb.com.ar\/diario\/wp-content\/uploads\/2026\/04\/gobierno1-300x200.jpg 300w, http:\/\/elurbanoweb.com.ar\/diario\/wp-content\/uploads\/2026\/04\/gobierno1-150x100.jpg 150w, http:\/\/elurbanoweb.com.ar\/diario\/wp-content\/uploads\/2026\/04\/gobierno1-1536x1024.jpg 1536w, http:\/\/elurbanoweb.com.ar\/diario\/wp-content\/uploads\/2026\/04\/gobierno1-2048x1366.jpg 2048w\" sizes=\"auto, (max-width: 1024px) 100vw, 1024px\" \/><\/p>\n<p><!--more--><\/p>\n<p>En ese sentido, anunci\u00f3 que al bono otorgado el pasado 20 de febrero -de $ 250.000- se sumar\u00e1 el pr\u00f3ximo 30 de abril un bono del D\u00eda del Trabajador de $ 600.000, ingreso que ser\u00e1 reforzado con el pago del sueldo de abril, que estar\u00e1 disponible el 28 y 29 de este mes.<\/p>\n<p>Anunci\u00f3 adem\u00e1s el Bono Aguinaldo, de $ 1.200.000, que ser\u00e1 abonado en dos partes iguales, en junio y julio pr\u00f3ximos. Adem\u00e1s, ratific\u00f3 el Bono de Fin de A\u00f1o que se har\u00e1 efectivo en tres partes.<\/p>\n<p>En otro tramo de su discurso, Su\u00e1rez ratific\u00f3 la continuidad de los planes para el desarrollo en ciencia y tecnolog\u00eda a trav\u00e9s de diferentes l\u00edneas de trabajo, junto con las casas de altos estudios y organismos especializados en diferentes \u00e1reas.<\/p>\n<p>En cuanto al sistema sanitario provincial, el remarc\u00f3 que \u201cinvertir en salud es invertir en dignidad, en equidad y en calidad de vida para todos los santiague\u00f1os\u201d. Con esa premisa cit\u00f3 las numeras obras ejecutadas, como nuevos hospitales y postas sanitarias, adem\u00e1s de la incorporaci\u00f3n de camas, equipamiento y profesionales en todas las \u00e1reas.<\/p>\n<p>En materia de seguridad mencion\u00f3 la incorporaci\u00f3n permanente de efectivos para engrosar las filas de la Polic\u00eda de la provincia, junto con el desarrollo de tecnolog\u00eda y ciencia aplicada para la prevenci\u00f3n del delito en todo el territorio. Adem\u00e1s de equipamiento operativo y de infraestructura log\u00edstica necesaria para llevar tranquilidad a la poblaci\u00f3n.<\/p>\n<p>Tambi\u00e9n se refiri\u00f3 a la consolidaci\u00f3n de un modelo basado en las nuevas tecnolog\u00edas para fortalecer la capacidad del Estado para garantizar derechos, mejorar la calidad de los servicios p\u00fablicos y responder con mayor eficacia a las demandas sociales.<\/p>\n<p>En otro tramo, el gobernador destac\u00f3 los logros en materia productiva dentro de un panorama complejo a nivel nacional. \u201cHemos sostenido una pol\u00edtica basada en la planificaci\u00f3n, la inversi\u00f3n y la presencia activa del Estado en todo el territorio\u201d, dijo, para luego detallar lo conseguido en cada \u00e1rea.<\/p>\n<p>Luego dio precisiones sobre el acompa\u00f1amiento al desarrollo tur\u00edstico a trav\u00e9s del deporte y la cultura, como factores fundamentales que suman al crecimiento de la econom\u00eda local y la inclusi\u00f3n social.<\/p>\n<p>Al finalizar, el gobernador El\u00edas Su\u00e1rez expres\u00f3: \u201cVenimos a reafirmar un rumbo que tiene que ver con el trabajo, con la producci\u00f3n, con la educaci\u00f3n, con la seguridad, con la salud y con la presencia eficiente del Estado. Ese rumbo no lo construye un gobierno solo. Lo construimos entre todos\u201d.<\/p>\n<p>\u201cPor eso \u2013agreg\u00f3- m\u00e1s que una convocatoria formal, quiero dejar un compromiso compartido: seguir dialogando, seguir escuchando, seguir encontrando puntos de acuerdo, a\u00fan en las diferencias. Porque cuando hay un objetivo com\u00fan, las diferencias no nos dividen, por el contrario, nos ordenan y fortalecen. Tenemos por delante una etapa que va a exigir responsabilidad, y tambi\u00e9n confianza en lo que somos capaces de hacer cuando trabajamos juntos\u201d.<\/p>\n<p>En el cierre de su mensaje, Su\u00e1rez reafirm\u00f3 su compromiso con el \u201cmanejo apropiado y eficiente de los recursos de la provincia, con m\u00e1s control, con decisiones firmes y con una profunda vocaci\u00f3n de servicio\u201d.<br \/>\n\u201cVoy a seguir trabajando con la misma convicci\u00f3n, responsabilidad y siempre junto al pueblo\u201d, sentenci\u00f3.<\/p>\n","protected":false},"excerpt":{"rendered":"<p>En materia salarial, el gobernador celebr\u00f3 el trabajo que lleva adelante en la Mesa de Di\u00e1logo y Trabajo, que dio lugar a los acuerdos como el aumento del 42,4% para&hellip; <\/p>\n","protected":false},"author":1,"featured_media":69468,"comment_status":"closed","ping_status":"closed","sticky":false,"template":"","format":"standard","meta":{"footnotes":""},"categories":[2],"tags":[],"class_list":["post-69467","post","type-post","status-publish","format-standard","has-post-thumbnail","hentry","category-gobierno"],"_links":{"self":[{"href":"http:\/\/elurbanoweb.com.ar\/diario\/wp-json\/wp\/v2\/posts\/69467","targetHints":{"allow":["GET"]}}],"collection":[{"href":"http:\/\/elurbanoweb.com.ar\/diario\/wp-json\/wp\/v2\/posts"}],"about":[{"href":"http:\/\/elurbanoweb.com.ar\/diario\/wp-json\/wp\/v2\/types\/post"}],"author":[{"embeddable":true,"href":"http:\/\/elurbanoweb.com.ar\/diario\/wp-json\/wp\/v2\/users\/1"}],"replies":[{"embeddable":true,"href":"http:\/\/elurbanoweb.com.ar\/diario\/wp-json\/wp\/v2\/comments?post=69467"}],"version-history":[{"count":1,"href":"http:\/\/elurbanoweb.com.ar\/diario\/wp-json\/wp\/v2\/posts\/69467\/revisions"}],"predecessor-version":[{"id":69469,"href":"http:\/\/elurbanoweb.com.ar\/diario\/wp-json\/wp\/v2\/posts\/69467\/revisions\/69469"}],"wp:featuredmedia":[{"embeddable":true,"href":"http:\/\/elurbanoweb.com.ar\/diario\/wp-json\/wp\/v2\/media\/69468"}],"wp:attachment":[{"href":"http:\/\/elurbanoweb.com.ar\/diario\/wp-json\/wp\/v2\/media?parent=69467"}],"wp:term":[{"taxonomy":"category","embeddable":true,"href":"http:\/\/elurbanoweb.com.ar\/diario\/wp-json\/wp\/v2\/categories?post=69467"},{"taxonomy":"post_tag","embeddable":true,"href":"http:\/\/elurbanoweb.com.ar\/diario\/wp-json\/wp\/v2\/tags?post=69467"}],"curies":[{"name":"wp","href":"https:\/\/api.w.org\/{rel}","templated":true}]}}