{"id":69470,"date":"2026-04-28T14:02:09","date_gmt":"2026-04-28T17:02:09","guid":{"rendered":"https:\/\/elurbanoweb.com.ar\/diario\/?p=69470"},"modified":"2026-04-28T14:02:09","modified_gmt":"2026-04-28T17:02:09","slug":"el-intendente-daniel-ruiz-anuncio-el-bono-del-dia-del-trabajador-para-los-municipales-de-clodomira","status":"publish","type":"post","link":"http:\/\/elurbanoweb.com.ar\/diario\/el-intendente-daniel-ruiz-anuncio-el-bono-del-dia-del-trabajador-para-los-municipales-de-clodomira\/","title":{"rendered":"El intendente Daniel Ruiz anunci\u00f3 el bono del D\u00eda del Trabajador para los municipales de Clodomira"},"content":{"rendered":"<p>En consonancia con el anuncio realizado por el gobernador El\u00edas Su\u00e1rez para los empleados p\u00fablicos de la provincia, este martes por la ma\u00f1ana el intendente Daniel Dar\u00edo Ruiz confirm\u00f3 la adhesi\u00f3n al bono por el D\u00eda del Trabajador, por un monto de $600.000, destinado a todo el personal de planta permanente y tambi\u00e9n contratados de la Municipalidad de Clodomira.<\/p>\n<p><img loading=\"lazy\" decoding=\"async\" class=\"alignnone wp-image-69471 size-full\" src=\"http:\/\/elurbanoweb.com.ar\/diario\/wp-content\/uploads\/2026\/04\/clodo0.jpg\" alt=\"\" width=\"1010\" height=\"567\" srcset=\"http:\/\/elurbanoweb.com.ar\/diario\/wp-content\/uploads\/2026\/04\/clodo0.jpg 1010w, http:\/\/elurbanoweb.com.ar\/diario\/wp-content\/uploads\/2026\/04\/clodo0-300x168.jpg 300w, http:\/\/elurbanoweb.com.ar\/diario\/wp-content\/uploads\/2026\/04\/clodo0-150x84.jpg 150w\" sizes=\"auto, (max-width: 1010px) 100vw, 1010px\" \/><\/p>\n<p><!--more--><\/p>\n<p>El anuncio fue realizado en la sala principal del palacio comunal ante empleados de distintas \u00e1reas, oportunidad en la que se destac\u00f3 que esta medida \u201ces fruto de una gesti\u00f3n ordenada y transparente, pensando siempre en reconocer la labor de cada compa\u00f1ero municipal que trabaja d\u00eda a d\u00eda por los vecinos\u201d.<\/p>\n<p>Vale recordar que la gesti\u00f3n que encabeza Ruiz lleva adelante un importante plan de mejoras en toda la ciudad, que incluye obras de infraestructura y servicios b\u00e1sicos.<\/p>\n<p>En cuanto al pago del bono del D\u00eda del Trabajador, el jefe comunal resalt\u00f3 que este desembolso de dinero, junto con los salarios correspondientes a abril, permitir\u00e1 movilizar la actividad comercial en todos los rubros, adem\u00e1s de activar la econom\u00eda de emprendedores y trabajadores de distintos oficios.<\/p>\n<p>En ese sentido, expres\u00f3 su agradecimiento al Gobierno de la provincia por su acompa\u00f1amiento permanente en cada iniciativa, orientada a mejorar la calidad de vida de los clodomirenses, quienes este mi\u00e9rcoles celebrar\u00e1n los 133 a\u00f1os de la ciudad con un acto protocolar, inauguraci\u00f3n de obras y una serie de actividades art\u00edsticas, culturales y deportivas que se desarrollaron durante todo abril.<\/p>\n","protected":false},"excerpt":{"rendered":"<p>En consonancia con el anuncio realizado por el gobernador El\u00edas Su\u00e1rez para los empleados p\u00fablicos de la provincia, este martes por la ma\u00f1ana el intendente Daniel Dar\u00edo Ruiz confirm\u00f3 la&hellip; <\/p>\n","protected":false},"author":1,"featured_media":69471,"comment_status":"closed","ping_status":"closed","sticky":false,"template":"","format":"standard","meta":{"footnotes":""},"categories":[10],"tags":[],"class_list":["post-69470","post","type-post","status-publish","format-standard","has-post-thumbnail","hentry","category-interior"],"_links":{"self":[{"href":"http:\/\/elurbanoweb.com.ar\/diario\/wp-json\/wp\/v2\/posts\/69470","targetHints":{"allow":["GET"]}}],"collection":[{"href":"http:\/\/elurbanoweb.com.ar\/diario\/wp-json\/wp\/v2\/posts"}],"about":[{"href":"http:\/\/elurbanoweb.com.ar\/diario\/wp-json\/wp\/v2\/types\/post"}],"author":[{"embeddable":true,"href":"http:\/\/elurbanoweb.com.ar\/diario\/wp-json\/wp\/v2\/users\/1"}],"replies":[{"embeddable":true,"href":"http:\/\/elurbanoweb.com.ar\/diario\/wp-json\/wp\/v2\/comments?post=69470"}],"version-history":[{"count":1,"href":"http:\/\/elurbanoweb.com.ar\/diario\/wp-json\/wp\/v2\/posts\/69470\/revisions"}],"predecessor-version":[{"id":69472,"href":"http:\/\/elurbanoweb.com.ar\/diario\/wp-json\/wp\/v2\/posts\/69470\/revisions\/69472"}],"wp:featuredmedia":[{"embeddable":true,"href":"http:\/\/elurbanoweb.com.ar\/diario\/wp-json\/wp\/v2\/media\/69471"}],"wp:attachment":[{"href":"http:\/\/elurbanoweb.com.ar\/diario\/wp-json\/wp\/v2\/media?parent=69470"}],"wp:term":[{"taxonomy":"category","embeddable":true,"href":"http:\/\/elurbanoweb.com.ar\/diario\/wp-json\/wp\/v2\/categories?post=69470"},{"taxonomy":"post_tag","embeddable":true,"href":"http:\/\/elurbanoweb.com.ar\/diario\/wp-json\/wp\/v2\/tags?post=69470"}],"curies":[{"name":"wp","href":"https:\/\/api.w.org\/{rel}","templated":true}]}}