{"id":69473,"date":"2026-04-28T14:03:47","date_gmt":"2026-04-28T17:03:47","guid":{"rendered":"https:\/\/elurbanoweb.com.ar\/diario\/?p=69473"},"modified":"2026-04-28T14:03:47","modified_gmt":"2026-04-28T17:03:47","slug":"la-municipalidad-de-la-banda-confirmo-la-adhesion-al-bono-por-el-dia-del-trabajador","status":"publish","type":"post","link":"http:\/\/elurbanoweb.com.ar\/diario\/la-municipalidad-de-la-banda-confirmo-la-adhesion-al-bono-por-el-dia-del-trabajador\/","title":{"rendered":"La Municipalidad de La Banda confirm\u00f3 la adhesi\u00f3n al bono por el D\u00eda del Trabajador"},"content":{"rendered":"<p>La Municipalidad de La Banda inform\u00f3 que en el d\u00eda de la fecha se dispuso la adhesi\u00f3n al bono por el \u201cD\u00eda del Trabajador\u201d anunciado por el Gobierno de la Provincia de Santiago del Estero.<\/p>\n<p><img loading=\"lazy\" decoding=\"async\" class=\"alignnone wp-image-69474 size-full\" src=\"http:\/\/elurbanoweb.com.ar\/diario\/wp-content\/uploads\/2026\/04\/nediani3.jpg\" alt=\"\" width=\"1010\" height=\"567\" srcset=\"http:\/\/elurbanoweb.com.ar\/diario\/wp-content\/uploads\/2026\/04\/nediani3.jpg 1010w, http:\/\/elurbanoweb.com.ar\/diario\/wp-content\/uploads\/2026\/04\/nediani3-300x168.jpg 300w, http:\/\/elurbanoweb.com.ar\/diario\/wp-content\/uploads\/2026\/04\/nediani3-150x84.jpg 150w\" sizes=\"auto, (max-width: 1010px) 100vw, 1010px\" \/><\/p>\n<p><!--more--><\/p>\n<p>El anuncio fue realizado junto al secretario de Econom\u00eda, el contador Javier Salom\u00f3n, quien destac\u00f3 que esta medida es posible gracias a una administraci\u00f3n ordenada y financieramente responsable, sostenida desde el \u00e1rea econ\u00f3mica del municipio.<\/p>\n<p>\u00abEn el d\u00eda de la fecha se han depositado los haberes correspondientes al mes de abril a la totalidad de la planta municipal\u00bb, remarc\u00f3 el Secretario Salom\u00f3n y agreg\u00f3: \u00abNos adherimos al bono del D\u00eda del Trabajador para el d\u00eda 30 de abril, a lo dispuesto por el gobierno de la provincia. Asimismo, el d\u00eda 29 de abril se va a hacer efectivo el pago a los programas sociales y las locaciones de servicios, como tambi\u00e9n se est\u00e1 evaluando y trabajando para adherirnos al bono aguinaldo, en los meses de junio y julio.<\/p>\n<p>Tengamos en cuenta que estamos en un contexto econ\u00f3mico y financiero nacional complejo que a la provincia y a los municipios por decantaci\u00f3n nos afecta. Aun as\u00ed ante esta adversidad estamos trabajando de una manera ordenada, con un equilibrio presupuestario que nos permite a la municipalidad y al intendente Roger Nediani tomar estas decisiones\u00bb, puntualiz\u00f3.<\/p>\n<p>En este sentido, se remarc\u00f3 el acompa\u00f1amiento de la gesti\u00f3n encabezada por el intendente Roger El\u00edas Nediani, que permite no solo adherir a las pol\u00edticas provinciales, sino tambi\u00e9n reforzarlas con recursos propios en beneficio de los trabajadores.<\/p>\n<p>Asimismo, se subray\u00f3 que esta decisi\u00f3n representa un importante impacto positivo en el bolsillo de los empleados municipales, especialmente en una fecha significativa como el \u201cD\u00eda del Trabajador\u201d.<\/p>\n","protected":false},"excerpt":{"rendered":"<p>La Municipalidad de La Banda inform\u00f3 que en el d\u00eda de la fecha se dispuso la adhesi\u00f3n al bono por el \u201cD\u00eda del Trabajador\u201d anunciado por el Gobierno de la&hellip; <\/p>\n","protected":false},"author":1,"featured_media":69474,"comment_status":"closed","ping_status":"closed","sticky":false,"template":"","format":"standard","meta":{"footnotes":""},"categories":[9],"tags":[],"class_list":["post-69473","post","type-post","status-publish","format-standard","has-post-thumbnail","hentry","category-la-banda"],"_links":{"self":[{"href":"http:\/\/elurbanoweb.com.ar\/diario\/wp-json\/wp\/v2\/posts\/69473","targetHints":{"allow":["GET"]}}],"collection":[{"href":"http:\/\/elurbanoweb.com.ar\/diario\/wp-json\/wp\/v2\/posts"}],"about":[{"href":"http:\/\/elurbanoweb.com.ar\/diario\/wp-json\/wp\/v2\/types\/post"}],"author":[{"embeddable":true,"href":"http:\/\/elurbanoweb.com.ar\/diario\/wp-json\/wp\/v2\/users\/1"}],"replies":[{"embeddable":true,"href":"http:\/\/elurbanoweb.com.ar\/diario\/wp-json\/wp\/v2\/comments?post=69473"}],"version-history":[{"count":1,"href":"http:\/\/elurbanoweb.com.ar\/diario\/wp-json\/wp\/v2\/posts\/69473\/revisions"}],"predecessor-version":[{"id":69475,"href":"http:\/\/elurbanoweb.com.ar\/diario\/wp-json\/wp\/v2\/posts\/69473\/revisions\/69475"}],"wp:featuredmedia":[{"embeddable":true,"href":"http:\/\/elurbanoweb.com.ar\/diario\/wp-json\/wp\/v2\/media\/69474"}],"wp:attachment":[{"href":"http:\/\/elurbanoweb.com.ar\/diario\/wp-json\/wp\/v2\/media?parent=69473"}],"wp:term":[{"taxonomy":"category","embeddable":true,"href":"http:\/\/elurbanoweb.com.ar\/diario\/wp-json\/wp\/v2\/categories?post=69473"},{"taxonomy":"post_tag","embeddable":true,"href":"http:\/\/elurbanoweb.com.ar\/diario\/wp-json\/wp\/v2\/tags?post=69473"}],"curies":[{"name":"wp","href":"https:\/\/api.w.org\/{rel}","templated":true}]}}