{"id":69476,"date":"2026-04-28T14:05:13","date_gmt":"2026-04-28T17:05:13","guid":{"rendered":"https:\/\/elurbanoweb.com.ar\/diario\/?p=69476"},"modified":"2026-04-28T14:06:32","modified_gmt":"2026-04-28T17:06:32","slug":"la-intendente-fuentes-tomo-juramento-a-nuevos-funcionarios-de-la-municipalidad-de-la-capital","status":"publish","type":"post","link":"http:\/\/elurbanoweb.com.ar\/diario\/la-intendente-fuentes-tomo-juramento-a-nuevos-funcionarios-de-la-municipalidad-de-la-capital\/","title":{"rendered":"La intendente Fuentes tom\u00f3 juramento a nuevos funcionarios de la Municipalidad de la Capital"},"content":{"rendered":"<p>La intendente de la Capital, Ing. Norma Fuentes, agradeci\u00f3 al Arq. Jorge Vila y al Dr. Daniel Kobylanski por el trabajo desarrollado hasta la fecha y a su vez tom\u00f3 juramento al nuevo secretario de Coordinaci\u00f3n de Gabinete, Ing. Mario Ram\u00f3n Benavente, y a la nueva secretaria de Planeamiento, Obras y Servicios P\u00fablicos, Rosa Alicia Allalla.<\/p>\n<p><img loading=\"lazy\" decoding=\"async\" class=\"alignnone wp-image-69477 size-large\" src=\"http:\/\/elurbanoweb.com.ar\/diario\/wp-content\/uploads\/2026\/04\/nuevos0-1024x763.jpg\" alt=\"\" width=\"1024\" height=\"763\" srcset=\"http:\/\/elurbanoweb.com.ar\/diario\/wp-content\/uploads\/2026\/04\/nuevos0-1024x763.jpg 1024w, http:\/\/elurbanoweb.com.ar\/diario\/wp-content\/uploads\/2026\/04\/nuevos0-300x223.jpg 300w, http:\/\/elurbanoweb.com.ar\/diario\/wp-content\/uploads\/2026\/04\/nuevos0-150x112.jpg 150w, http:\/\/elurbanoweb.com.ar\/diario\/wp-content\/uploads\/2026\/04\/nuevos0-1536x1144.jpg 1536w, http:\/\/elurbanoweb.com.ar\/diario\/wp-content\/uploads\/2026\/04\/nuevos0.jpg 1545w\" sizes=\"auto, (max-width: 1024px) 100vw, 1024px\" \/><\/p>\n<p><!--more--> En el mismo acto, tambi\u00e9n la Ing. Fuentes hizo lo propio con el Dr. Jos\u00e9 Daniel Kobylanski, quien asumi\u00f3 ahora como subsecretario de Coordinaci\u00f3n de Gabinete.<\/p>\n<p>Benavente es ingeniero en Computaci\u00f3n, egresado de la Universidad Cat\u00f3lica de Santiago del Estero, con una amplia trayectoria de trabajo en la Municipalidad de la Capital, en donde ingres\u00f3 en 1989 como programador, jefe del \u00c1rea de Personal, jefe de Sistemas y director del \u00c1rea Inform\u00e1tica hasta el a\u00f1o 2004.<\/p>\n<p>A nivel provincial desarroll\u00f3 su tarea como director General de la Direcci\u00f3n General de Inform\u00e1tica desde 2005 hasta el presente a\u00f1o y director Ejecutivo del Instituto Tecnol\u00f3gico de Santiago del Estero (ITSE) desde 2021 hasta el presente a\u00f1o.<\/p>\n<p>Por su parte, la Ing. Allalla ocupaba el cargo de subsecretaria de Obras P\u00fablicas de la Municipalidad y pertenece a la planta de personal de la comuna.<\/p>\n","protected":false},"excerpt":{"rendered":"<p>La intendente de la Capital, Ing. Norma Fuentes, agradeci\u00f3 al Arq. Jorge Vila y al Dr. Daniel Kobylanski por el trabajo desarrollado hasta la fecha y a su vez tom\u00f3&hellip; <\/p>\n","protected":false},"author":1,"featured_media":69479,"comment_status":"closed","ping_status":"closed","sticky":false,"template":"","format":"standard","meta":{"footnotes":""},"categories":[3],"tags":[],"class_list":["post-69476","post","type-post","status-publish","format-standard","has-post-thumbnail","hentry","category-municipio"],"_links":{"self":[{"href":"http:\/\/elurbanoweb.com.ar\/diario\/wp-json\/wp\/v2\/posts\/69476","targetHints":{"allow":["GET"]}}],"collection":[{"href":"http:\/\/elurbanoweb.com.ar\/diario\/wp-json\/wp\/v2\/posts"}],"about":[{"href":"http:\/\/elurbanoweb.com.ar\/diario\/wp-json\/wp\/v2\/types\/post"}],"author":[{"embeddable":true,"href":"http:\/\/elurbanoweb.com.ar\/diario\/wp-json\/wp\/v2\/users\/1"}],"replies":[{"embeddable":true,"href":"http:\/\/elurbanoweb.com.ar\/diario\/wp-json\/wp\/v2\/comments?post=69476"}],"version-history":[{"count":1,"href":"http:\/\/elurbanoweb.com.ar\/diario\/wp-json\/wp\/v2\/posts\/69476\/revisions"}],"predecessor-version":[{"id":69478,"href":"http:\/\/elurbanoweb.com.ar\/diario\/wp-json\/wp\/v2\/posts\/69476\/revisions\/69478"}],"wp:featuredmedia":[{"embeddable":true,"href":"http:\/\/elurbanoweb.com.ar\/diario\/wp-json\/wp\/v2\/media\/69479"}],"wp:attachment":[{"href":"http:\/\/elurbanoweb.com.ar\/diario\/wp-json\/wp\/v2\/media?parent=69476"}],"wp:term":[{"taxonomy":"category","embeddable":true,"href":"http:\/\/elurbanoweb.com.ar\/diario\/wp-json\/wp\/v2\/categories?post=69476"},{"taxonomy":"post_tag","embeddable":true,"href":"http:\/\/elurbanoweb.com.ar\/diario\/wp-json\/wp\/v2\/tags?post=69476"}],"curies":[{"name":"wp","href":"https:\/\/api.w.org\/{rel}","templated":true}]}}